{"id":31590,"date":"2024-04-19T15:28:13","date_gmt":"2024-04-19T12:28:13","guid":{"rendered":"https:\/\/www.protel.com.tr\/blog\/?p=31590"},"modified":"2025-05-07T11:02:04","modified_gmt":"2025-05-07T08:02:04","slug":"dunyanin-en-tuhaf-oteller-listesi","status":"publish","type":"post","link":"https:\/\/www.protel.com.tr\/blog\/dunyanin-en-tuhaf-oteller-listesi\/","title":{"rendered":"D\u00fcnya\u2019n\u0131n En Tuhaf Oteller Listesi: Farkl\u0131 Bir Konaklama Deneyimi \u0130\u00e7in Haz\u0131r Olun"},"content":{"rendered":"\n<p>Ke\u015ffetme tutkusu insano\u011flunun ilerlemesinin en temel itici g\u00fcc\u00fc olmakla birlikte turizmin ana unsuru. Tarih bize ilk gezginlerin Fenikeliler oldu\u011funu s\u00f6yl\u00fcyor. Modern anlamda turizmin temellerini ise 1845 y\u0131l\u0131nda Thomas Cook\u2019un marangozlu\u011fu b\u0131rakarak kurdu\u011fu seyahat acentesinin ve 17. yy\u2019da Avrupal\u0131 ailelerin \u00e7ocuklar\u0131n\u0131 Grand Tour\u2019larla (<em>B\u00fcy\u00fck Tur<\/em>) e\u011fitim seyahatlerine g\u00f6ndermesine tarihlendi\u011fi s\u00f6ylenebilir. O g\u00fcnden bu yana de\u011fi\u015fen turizm trendleri, geli\u015fen teknolojiyle g\u00fcn\u00fcm\u00fcz seyyahlar\u0131na say\u0131s\u0131z destinasyon, l\u00fcks, ilgin\u00e7 konaklama ve aktivite imkan\u0131 sunuyor.&nbsp;&nbsp;<\/p>\n\n\n\n<p>Bug\u00fcn u\u00e7suz bucaks\u0131z kanyonlardan, cennet k\u00f6\u015fesi koylardan kara turizmin (<em>Dark Tourism<\/em>) \u00c7ernobil gibi \u00f6l\u00fcm kokan destinasyonlara kadar y\u00fckselen trendler s\u00fcrekli bir d\u00f6n\u00fc\u015f\u00fcm i\u00e7inde. Bu d\u00f6n\u00fc\u015f\u00fcm, konaklama se\u00e7eneklerinin ultra l\u00fcks otellerden nostaljik ta\u015f evlere, g\u00fcn\u00fcm\u00fczde ise sarp yama\u00e7lara kurulan macera s\u00fcitlerine ve hatta buz otellere kadar uzand\u0131. Art\u0131k extreme konaklama se\u00e7enekleri hem gezginlerin hayal g\u00fcc\u00fcn\u00fcn s\u0131n\u0131rlar\u0131n\u0131 zorluyor hem de g\u00f6r\u00fclecek yerler listelerinin \u00fcst s\u0131ralar\u0131nda yer al\u0131yor.&nbsp;<\/p>\n\n\n\n<p>Peki d\u00fcnyan\u0131n en extreme 10 oteli hangileri? Konuklar\u0131na farkl\u0131 bir konaklama deneyimi ile adrenalin dolu hangi manzaralar\u0131 sunuyorlar? Siz bu otellerde kalmay\u0131 ister miydiniz? Hadi Turizm Haftas\u0131\u2019n\u0131 d\u00fcnyan\u0131n tuhaf oteller listesine konuk olarak kutlayal\u0131m.<\/p>\n\n\n\n<ol class=\"wp-block-list\">\n<li><strong>\u0130sve\u00e7&#8217;teki Buz Otel: Her y\u0131l yeniden in\u015fa edilen bir otel<\/strong><\/li>\n<\/ol>\n\n\n\n<figure class=\"wp-block-image size-full\"><img loading=\"lazy\" decoding=\"async\" width=\"1024\" height=\"683\" src=\"https:\/\/www.protel.com.tr\/blog\/wp-content\/uploads\/2024\/04\/tuhaf-oteller-listesi.jpg\" alt=\"\" class=\"wp-image-32055\" srcset=\"https:\/\/www.protel.com.tr\/blog\/wp-content\/uploads\/2024\/04\/tuhaf-oteller-listesi.jpg 1024w, https:\/\/www.protel.com.tr\/blog\/wp-content\/uploads\/2024\/04\/tuhaf-oteller-listesi-300x200.jpg 300w, https:\/\/www.protel.com.tr\/blog\/wp-content\/uploads\/2024\/04\/tuhaf-oteller-listesi-768x512.jpg 768w, https:\/\/www.protel.com.tr\/blog\/wp-content\/uploads\/2024\/04\/tuhaf-oteller-listesi-696x464.jpg 696w, https:\/\/www.protel.com.tr\/blog\/wp-content\/uploads\/2024\/04\/tuhaf-oteller-listesi-630x420.jpg 630w\" sizes=\"auto, (max-width: 1024px) 100vw, 1024px\" \/><\/figure>\n\n\n\n<p>Icehotel, 1989 y\u0131l\u0131nda t\u00fcm\u00fc Torne Nehri&#8217;nden gelen kar ve buzdan olu\u015fturulmu\u015f bir oteldir. Her y\u0131l Ekim ay\u0131nda 2 tonluk bloklar halinde 4.000 ton buzdan ve 30.000 ton kardan yeniden in\u015fa ediliyor. Sezon boyunca 14.000 geceleme yap\u0131labiliyor ve otel her y\u0131l 45.000 ki\u015fi taraf\u0131ndan ziyaret ediliyor. D\u0131\u015far\u0131s\u0131n\u0131n s\u0131cakl\u0131\u011f\u0131 \u201330 \u00b0C iken otelin i\u00e7inde s\u0131cakl\u0131k \u20135 \u00b0C kadard\u0131r. \u0130glu \u015feklinde in\u015fa edilen otelin odalar\u0131 buzdan yap\u0131lm\u0131\u015f e\u015fyalarla d\u00f6\u015fenmi\u015ftir ve ayd\u0131nlatma \u0131\u015f\u0131kland\u0131r\u0131lm\u0131\u015f buz heykeller sayesinde yap\u0131l\u0131r.&nbsp;<\/p>\n\n\n\n<ol start=\"2\" class=\"wp-block-list\">\n<li><strong>Atomium: \u00c7ocuklar\u0131n ayr\u0131cal\u0131\u011f\u0131 var<\/strong><\/li>\n<\/ol>\n\n\n\n<figure class=\"wp-block-image size-large\"><img loading=\"lazy\" decoding=\"async\" width=\"1024\" height=\"683\" src=\"https:\/\/www.protel.com.tr\/blog\/wp-content\/uploads\/2024\/04\/atomium-1024x683.jpg\" alt=\"\" class=\"wp-image-31591\" srcset=\"https:\/\/www.protel.com.tr\/blog\/wp-content\/uploads\/2024\/04\/atomium-1024x683.jpg 1024w, https:\/\/www.protel.com.tr\/blog\/wp-content\/uploads\/2024\/04\/atomium-300x200.jpg 300w, https:\/\/www.protel.com.tr\/blog\/wp-content\/uploads\/2024\/04\/atomium-768x512.jpg 768w, https:\/\/www.protel.com.tr\/blog\/wp-content\/uploads\/2024\/04\/atomium-696x464.jpg 696w, https:\/\/www.protel.com.tr\/blog\/wp-content\/uploads\/2024\/04\/atomium-1068x712.jpg 1068w, https:\/\/www.protel.com.tr\/blog\/wp-content\/uploads\/2024\/04\/atomium-630x420.jpg 630w, https:\/\/www.protel.com.tr\/blog\/wp-content\/uploads\/2024\/04\/atomium.jpg 1200w\" sizes=\"auto, (max-width: 1024px) 100vw, 1024px\" \/><\/figure>\n\n\n\n<p>Atomium dokuz \u00e7elik k\u00fcrenin birle\u015ftirilmesiyle olu\u015fturulmu\u015f, Bel\u00e7ikal\u0131 m\u00fchendis Andr\u00e9 Waterkeyn taraf\u0131ndan tasarlanm\u0131\u015f bir binad\u0131r. Br\u00fcksel&#8217;in simgesi olan bina demir kristalinin 165 milyar kez b\u00fcy\u00fct\u00fclm\u00fc\u015f g\u00f6r\u00fcnt\u00fcs\u00fcnden esinlenilmi\u015ftir. Atomium bir otelden ziyade bir m\u00fcze ve sanat merkezidir, ayr\u0131ca en \u00fcstte bulunan k\u00fcreden Br\u00fcksel panaromik olarak izlenebilir. Atomium\u2019u listemize dahil eden \u00f6zelli\u011fi \u015fansl\u0131 ilkokul \u00f6\u011frencilerinin, e\u011fitimsel bir deneyim olarak cam k\u00fcrelerden birinde bir gece ge\u00e7irebiliyor olmalar\u0131.<\/p>\n\n\n\n<ol start=\"3\" class=\"wp-block-list\">\n<li><strong>Yellow Sub Liverpool &#8211; Beatles hayranlar\u0131 mutlaka g\u00f6rmeli<\/strong><\/li>\n<\/ol>\n\n\n\n<figure class=\"wp-block-image size-large\"><img loading=\"lazy\" decoding=\"async\" width=\"1024\" height=\"683\" src=\"https:\/\/www.protel.com.tr\/blog\/wp-content\/uploads\/2024\/04\/yellow-sub-liverpool-1024x683.jpg\" alt=\"\" class=\"wp-image-31602\" srcset=\"https:\/\/www.protel.com.tr\/blog\/wp-content\/uploads\/2024\/04\/yellow-sub-liverpool-1024x683.jpg 1024w, https:\/\/www.protel.com.tr\/blog\/wp-content\/uploads\/2024\/04\/yellow-sub-liverpool-300x200.jpg 300w, https:\/\/www.protel.com.tr\/blog\/wp-content\/uploads\/2024\/04\/yellow-sub-liverpool-768x512.jpg 768w, https:\/\/www.protel.com.tr\/blog\/wp-content\/uploads\/2024\/04\/yellow-sub-liverpool-696x464.jpg 696w, https:\/\/www.protel.com.tr\/blog\/wp-content\/uploads\/2024\/04\/yellow-sub-liverpool-1068x712.jpg 1068w, https:\/\/www.protel.com.tr\/blog\/wp-content\/uploads\/2024\/04\/yellow-sub-liverpool-630x420.jpg 630w, https:\/\/www.protel.com.tr\/blog\/wp-content\/uploads\/2024\/04\/yellow-sub-liverpool.jpg 1200w\" sizes=\"auto, (max-width: 1024px) 100vw, 1024px\" \/><\/figure>\n\n\n\n<p>Yellow Sub Hotel Beatles grubunun Yellow Submarine alb\u00fcm kapa\u011f\u0131ndaki denizalt\u0131s\u0131ndan esinlenilerek yap\u0131lm\u0131\u015f bir replikas\u0131d\u0131r. Liverpool&#8217;un Mersey Nehri k\u0131y\u0131lar\u0131nda demirlemi\u015ftir. Sadece 3 odas\u0131 olan bu otelin odalar\u0131 Beatles an\u0131lar\u0131yla doludur.<\/p>\n\n\n\n<ol start=\"4\" class=\"wp-block-list\">\n<li><strong>Seaventures Dive Rig: Dal\u0131\u015f merakl\u0131lar\u0131n\u0131n g\u00f6zdesi<\/strong><\/li>\n<\/ol>\n\n\n\n<figure class=\"wp-block-image size-large\"><img loading=\"lazy\" decoding=\"async\" width=\"1024\" height=\"683\" src=\"https:\/\/www.protel.com.tr\/blog\/wp-content\/uploads\/2024\/04\/seaventures-dive-rig-1024x683.jpg\" alt=\"\" class=\"wp-image-31600\" srcset=\"https:\/\/www.protel.com.tr\/blog\/wp-content\/uploads\/2024\/04\/seaventures-dive-rig-1024x683.jpg 1024w, https:\/\/www.protel.com.tr\/blog\/wp-content\/uploads\/2024\/04\/seaventures-dive-rig-300x200.jpg 300w, https:\/\/www.protel.com.tr\/blog\/wp-content\/uploads\/2024\/04\/seaventures-dive-rig-768x512.jpg 768w, https:\/\/www.protel.com.tr\/blog\/wp-content\/uploads\/2024\/04\/seaventures-dive-rig-696x464.jpg 696w, https:\/\/www.protel.com.tr\/blog\/wp-content\/uploads\/2024\/04\/seaventures-dive-rig-1068x712.jpg 1068w, https:\/\/www.protel.com.tr\/blog\/wp-content\/uploads\/2024\/04\/seaventures-dive-rig-630x420.jpg 630w, https:\/\/www.protel.com.tr\/blog\/wp-content\/uploads\/2024\/04\/seaventures-dive-rig.jpg 1200w\" sizes=\"auto, (max-width: 1024px) 100vw, 1024px\" \/><\/figure>\n\n\n\n<p>Seaventures Dive Rig eski bir petrol arama platformundan d\u00f6n\u00fc\u015ft\u00fcr\u00fclm\u00fc\u015f bir oteldir. Do\u011fu Borneo&#8217;daki Malezya adas\u0131 Mabul a\u00e7\u0131klar\u0131nda yer al\u0131r. Be\u015f y\u0131ld\u0131zl\u0131 bir tatil k\u00f6y\u00fc olmas\u0131n\u0131n yan\u0131 s\u0131ra Malezya k\u0131y\u0131lar\u0131nda en \u00e7ok tercih edilen dal\u0131\u015f noktalar\u0131ndan biridir. Otel ayr\u0131ca ba\u015far\u0131l\u0131 restoran\u0131, d\u00fczenledi\u011fi BBQ geceleri ve canl\u0131 m\u00fczik etkinlikleriyle tan\u0131n\u0131r.<\/p>\n\n\n\n<ol start=\"5\" class=\"wp-block-list\">\n<li><strong>La Claustra Hotel: Alplere gizlenmi\u015f eski bir askeri \u00fcs<\/strong><\/li>\n<\/ol>\n\n\n\n<figure class=\"wp-block-image size-large\"><img loading=\"lazy\" decoding=\"async\" width=\"1024\" height=\"683\" src=\"https:\/\/www.protel.com.tr\/blog\/wp-content\/uploads\/2024\/04\/la-claustra-hotel-1024x683.jpg\" alt=\"\" class=\"wp-image-31598\" srcset=\"https:\/\/www.protel.com.tr\/blog\/wp-content\/uploads\/2024\/04\/la-claustra-hotel-1024x683.jpg 1024w, https:\/\/www.protel.com.tr\/blog\/wp-content\/uploads\/2024\/04\/la-claustra-hotel-300x200.jpg 300w, https:\/\/www.protel.com.tr\/blog\/wp-content\/uploads\/2024\/04\/la-claustra-hotel-768x512.jpg 768w, https:\/\/www.protel.com.tr\/blog\/wp-content\/uploads\/2024\/04\/la-claustra-hotel-696x464.jpg 696w, https:\/\/www.protel.com.tr\/blog\/wp-content\/uploads\/2024\/04\/la-claustra-hotel-1068x712.jpg 1068w, https:\/\/www.protel.com.tr\/blog\/wp-content\/uploads\/2024\/04\/la-claustra-hotel-630x420.jpg 630w, https:\/\/www.protel.com.tr\/blog\/wp-content\/uploads\/2024\/04\/la-claustra-hotel.jpg 1200w\" sizes=\"auto, (max-width: 1024px) 100vw, 1024px\" \/><\/figure>\n\n\n\n<p>La Claustra Hotel \u0130svi\u00e7re Alplerinde bulunan bir da\u011f\u0131n i\u00e7inde gizlenmi\u015f ve eskiden ordu i\u00e7in s\u0131\u011f\u0131nak olarak kullan\u0131lm\u0131\u015f eski bir askeri \u00fcss\u00fcn otele d\u00f6n\u00fc\u015ft\u00fcr\u00fclerek kurulmu\u015ftur. Bu l\u00fcks otel 30 ki\u015fi a\u011f\u0131rlayabilir. Otelde ayr\u0131ca yapay ma\u011farada jakuzi bulunmaktad\u0131r.&nbsp;<\/p>\n\n\n\n<ol start=\"6\" class=\"wp-block-list\">\n<li><strong>Skylodge Adventure Suites &#8211; Y\u00fckseklik korkunuz yoksa kalabilirsiniz<\/strong><\/li>\n<\/ol>\n\n\n\n<figure class=\"wp-block-image size-large\"><img loading=\"lazy\" decoding=\"async\" width=\"1024\" height=\"683\" src=\"https:\/\/www.protel.com.tr\/blog\/wp-content\/uploads\/2024\/04\/skylodge-adventure-suites-1024x683.jpg\" alt=\"\" class=\"wp-image-31601\" srcset=\"https:\/\/www.protel.com.tr\/blog\/wp-content\/uploads\/2024\/04\/skylodge-adventure-suites-1024x683.jpg 1024w, https:\/\/www.protel.com.tr\/blog\/wp-content\/uploads\/2024\/04\/skylodge-adventure-suites-300x200.jpg 300w, https:\/\/www.protel.com.tr\/blog\/wp-content\/uploads\/2024\/04\/skylodge-adventure-suites-768x512.jpg 768w, https:\/\/www.protel.com.tr\/blog\/wp-content\/uploads\/2024\/04\/skylodge-adventure-suites-696x464.jpg 696w, https:\/\/www.protel.com.tr\/blog\/wp-content\/uploads\/2024\/04\/skylodge-adventure-suites-1068x712.jpg 1068w, https:\/\/www.protel.com.tr\/blog\/wp-content\/uploads\/2024\/04\/skylodge-adventure-suites-630x420.jpg 630w, https:\/\/www.protel.com.tr\/blog\/wp-content\/uploads\/2024\/04\/skylodge-adventure-suites.jpg 1200w\" sizes=\"auto, (max-width: 1024px) 100vw, 1024px\" \/><\/figure>\n\n\n\n<p>Skylodge Adventure Suites Peru&#8217;daki Cusco ve Machu Picchu aras\u0131ndaki Kutsal Vadide yer al\u0131r. Otel suitleri da\u011fa kablolar ve civatalar arac\u0131l\u0131\u011f\u0131yla ba\u011flanm\u0131\u015f cam kaps\u00fcllerden olu\u015fuyor ancak banyo eri\u015fimi, resepsiyon ve otopark gibi servisler bulunuyor. Burada ana yatak odas\u0131ndan Urubamba Nehri&#8217;nin muhte\u015fem panoramik manzaras\u0131n\u0131n keyfini \u00e7\u0131karabilir, y\u0131ld\u0131zlar\u0131n alt\u0131nda uyuyabilirsiniz. Skylodge Adventure Suites gen\u00e7 \u00e7iftler aras\u0131nda pop\u00fcler.<\/p>\n\n\n\n<ol start=\"7\" class=\"wp-block-list\">\n<li><strong>Hang Nga Guesthouse: Peri masal\u0131na ho\u015fgeldiniz<\/strong><\/li>\n<\/ol>\n\n\n\n<figure class=\"wp-block-image size-large\"><img loading=\"lazy\" decoding=\"async\" width=\"1024\" height=\"683\" src=\"https:\/\/www.protel.com.tr\/blog\/wp-content\/uploads\/2024\/04\/hang-nga-guesthouse-1024x683.jpg\" alt=\"\" class=\"wp-image-31594\" srcset=\"https:\/\/www.protel.com.tr\/blog\/wp-content\/uploads\/2024\/04\/hang-nga-guesthouse-1024x683.jpg 1024w, https:\/\/www.protel.com.tr\/blog\/wp-content\/uploads\/2024\/04\/hang-nga-guesthouse-300x200.jpg 300w, https:\/\/www.protel.com.tr\/blog\/wp-content\/uploads\/2024\/04\/hang-nga-guesthouse-768x512.jpg 768w, https:\/\/www.protel.com.tr\/blog\/wp-content\/uploads\/2024\/04\/hang-nga-guesthouse-696x464.jpg 696w, https:\/\/www.protel.com.tr\/blog\/wp-content\/uploads\/2024\/04\/hang-nga-guesthouse-1068x712.jpg 1068w, https:\/\/www.protel.com.tr\/blog\/wp-content\/uploads\/2024\/04\/hang-nga-guesthouse-630x420.jpg 630w, https:\/\/www.protel.com.tr\/blog\/wp-content\/uploads\/2024\/04\/hang-nga-guesthouse.jpg 1200w\" sizes=\"auto, (max-width: 1024px) 100vw, 1024px\" \/><\/figure>\n\n\n\n<p>Hang Nga Misafirevi s\u0131rad\u0131\u015f\u0131 bir otel. Vietnaml\u0131 mimar Dang Viet Nga taraf\u0131ndan tasarlanan otel dev bir a\u011fac\u0131 and\u0131r\u0131yor. Ziyaret\u00e7iler d\u0131\u015favurumcu mimarisiyle dikkat \u00e7eken otelin Dali eserleriyle benzerli\u011fi dikkate \u00e7ekicidir. Otel People&#8217;s Daily taraf\u0131ndan d\u00fcnyan\u0131n en tuhaf on binas\u0131 aras\u0131nda g\u00f6sterilmi\u015ftir.&nbsp;<\/p>\n\n\n\n<ol start=\"8\" class=\"wp-block-list\">\n<li><strong>Igloo Hotel Kakslauttanen: Kuzey I\u015f\u0131klar\u0131n\u0131&nbsp;yata\u011f\u0131n\u0131zdan izleyin<\/strong><\/li>\n<\/ol>\n\n\n\n<figure class=\"wp-block-image size-large\"><img loading=\"lazy\" decoding=\"async\" width=\"1024\" height=\"683\" src=\"https:\/\/www.protel.com.tr\/blog\/wp-content\/uploads\/2024\/04\/igloo-hotel-kakslauttanen-1024x683.jpg\" alt=\"\" class=\"wp-image-31596\" srcset=\"https:\/\/www.protel.com.tr\/blog\/wp-content\/uploads\/2024\/04\/igloo-hotel-kakslauttanen-1024x683.jpg 1024w, https:\/\/www.protel.com.tr\/blog\/wp-content\/uploads\/2024\/04\/igloo-hotel-kakslauttanen-300x200.jpg 300w, https:\/\/www.protel.com.tr\/blog\/wp-content\/uploads\/2024\/04\/igloo-hotel-kakslauttanen-768x512.jpg 768w, https:\/\/www.protel.com.tr\/blog\/wp-content\/uploads\/2024\/04\/igloo-hotel-kakslauttanen-696x464.jpg 696w, https:\/\/www.protel.com.tr\/blog\/wp-content\/uploads\/2024\/04\/igloo-hotel-kakslauttanen-1068x712.jpg 1068w, https:\/\/www.protel.com.tr\/blog\/wp-content\/uploads\/2024\/04\/igloo-hotel-kakslauttanen-630x420.jpg 630w, https:\/\/www.protel.com.tr\/blog\/wp-content\/uploads\/2024\/04\/igloo-hotel-kakslauttanen.jpg 1200w\" sizes=\"auto, (max-width: 1024px) 100vw, 1024px\" \/><\/figure>\n\n\n\n<p>Igloo Hotel Kakslauttanen Finlandiya\u2019da Kuzey I\u015f\u0131klar\u0131n\u0131 yata\u011f\u0131n\u0131zdan izlemek i\u00e7in en \u00e7ok tercih edilen yerlerden biri. Igloo Hotel Kakslauttanen misafirlerine cam iglo odalar\u0131n yan\u0131 s\u0131ra geleneksel buz iglolar\u0131nda kalma \u015fans\u0131 da tan\u0131yor. D\u0131\u015far\u0131daki so\u011fuk -20 dereceye kadar inse de oda s\u0131cakl\u0131\u011f\u0131 ve konforundan \u00f6d\u00fcn vermiyor. B\u00f6lge de ayr\u0131ca ren geyi\u011fi safari ve at binme gibi s\u0131rad\u0131\u015f\u0131 etkinlikleri de deneyimleyebilirsiniz.&nbsp;<\/p>\n\n\n\n<ol start=\"9\" class=\"wp-block-list\">\n<li><strong>Sala Silvermine Hotel: T\u00fcyleriniz diken diken olacak<\/strong><\/li>\n<\/ol>\n\n\n\n<figure class=\"wp-block-image size-large\"><img loading=\"lazy\" decoding=\"async\" width=\"1024\" height=\"683\" src=\"https:\/\/www.protel.com.tr\/blog\/wp-content\/uploads\/2024\/04\/sala-silvermine-hotel-1024x683.jpg\" alt=\"\" class=\"wp-image-31599\" srcset=\"https:\/\/www.protel.com.tr\/blog\/wp-content\/uploads\/2024\/04\/sala-silvermine-hotel-1024x683.jpg 1024w, https:\/\/www.protel.com.tr\/blog\/wp-content\/uploads\/2024\/04\/sala-silvermine-hotel-300x200.jpg 300w, https:\/\/www.protel.com.tr\/blog\/wp-content\/uploads\/2024\/04\/sala-silvermine-hotel-768x512.jpg 768w, https:\/\/www.protel.com.tr\/blog\/wp-content\/uploads\/2024\/04\/sala-silvermine-hotel-696x464.jpg 696w, https:\/\/www.protel.com.tr\/blog\/wp-content\/uploads\/2024\/04\/sala-silvermine-hotel-1068x712.jpg 1068w, https:\/\/www.protel.com.tr\/blog\/wp-content\/uploads\/2024\/04\/sala-silvermine-hotel-630x420.jpg 630w, https:\/\/www.protel.com.tr\/blog\/wp-content\/uploads\/2024\/04\/sala-silvermine-hotel.jpg 1200w\" sizes=\"auto, (max-width: 1024px) 100vw, 1024px\" \/><\/figure>\n\n\n\n<p>Sala Silvermine Hotel \u0130sve\u00e7\u2019te y\u00fczy\u0131llar boyunca g\u00fcm\u00fc\u015f \u00e7\u0131kar\u0131lm\u0131\u015f olan Sala G\u00fcm\u00fc\u015f madenlerinde yer al\u0131r. Y\u00fczeyin 155 metre alt\u0131nda yer alan otel odalar\u0131 saf kayaya oyulmu\u015ftur ve burada gecelemek t\u00fcylerinizi diken diken edebilir \u00e7\u00fcnk\u00fc bu odalar d\u00fcnyan\u0131n en derin s\u00fcitleridir.<\/p>\n\n\n\n<ol start=\"10\" class=\"wp-block-list\">\n<li><strong>Giraffe Manor: Z\u00fcrafalarla kahvalt\u0131 edin<\/strong><\/li>\n<\/ol>\n\n\n\n<figure class=\"wp-block-image size-large\"><img loading=\"lazy\" decoding=\"async\" width=\"1024\" height=\"683\" src=\"https:\/\/www.protel.com.tr\/blog\/wp-content\/uploads\/2024\/04\/giraffe-manor-1024x683.jpg\" alt=\"\" class=\"wp-image-31593\" srcset=\"https:\/\/www.protel.com.tr\/blog\/wp-content\/uploads\/2024\/04\/giraffe-manor-1024x683.jpg 1024w, https:\/\/www.protel.com.tr\/blog\/wp-content\/uploads\/2024\/04\/giraffe-manor-300x200.jpg 300w, https:\/\/www.protel.com.tr\/blog\/wp-content\/uploads\/2024\/04\/giraffe-manor-768x512.jpg 768w, https:\/\/www.protel.com.tr\/blog\/wp-content\/uploads\/2024\/04\/giraffe-manor-696x464.jpg 696w, https:\/\/www.protel.com.tr\/blog\/wp-content\/uploads\/2024\/04\/giraffe-manor-1068x712.jpg 1068w, https:\/\/www.protel.com.tr\/blog\/wp-content\/uploads\/2024\/04\/giraffe-manor-630x420.jpg 630w, https:\/\/www.protel.com.tr\/blog\/wp-content\/uploads\/2024\/04\/giraffe-manor.jpg 1200w\" sizes=\"auto, (max-width: 1024px) 100vw, 1024px\" \/><\/figure>\n\n\n\n<p>Giraffe Manor hotel Kenya\u2019n\u0131n ba\u015fkenti Nairobi\u2019de bulunuyor. Otel 1930\u2019dan kalma bir malikanede yer al\u0131yor ve tarihi bir mimariye sahip. Ancak bu oteli d\u00fcnyadaki extreme oteller listesine koyan \u00f6zellik de\u011fil. Otel 1974 y\u0131l\u0131na dek b\u00f6lgeye gelen avc\u0131lar\u0131n konaklad\u0131\u011f\u0131 bir yerdi ve ayn\u0131 zamanda b\u00f6lgede ya\u015fayan z\u00fcrafalar\u0131n s\u0131\u011f\u0131na\u011f\u0131yd\u0131. Art\u0131k b\u00f6lgede z\u00fcrafa avlamak yasak ve Giraffe Manor konuklar\u0131 kahvalt\u0131 ederken onlara e\u015flik edebiliyor.&nbsp;<\/p>\n\n\n\n<p>Resmi rakamlar d\u00fcnyada her y\u0131l 1.5 milyar turistin seyahat etti\u011fini s\u00f6yl\u00fcyor. En extreme otellerden zincir otellere ve hatta m\u00fctevaz\u0131 bungalovlara kadar konaklama sekt\u00f6r\u00fc en g\u00fcncel dijital \u00e7\u00f6z\u00fcmlerle kalite standartlar\u0131n\u0131 y\u00fckseltiyor. Protel Otel \u00e7\u00f6z\u00fcmleri her nitelikte otelin misafir a\u011f\u0131rlama s\u00fcrecini u\u00e7tan uca y\u00f6netmek i\u00e7in geli\u015ftirdi\u011fi dijital \u00e7\u00f6z\u00fcmlerle y\u00f6netici, \u00e7al\u0131\u015fan ve konuklar\u0131n deneyimini \u00fcst seviyelere ta\u015f\u0131yor.&nbsp;<\/p>\n\n\n\n<p><strong>Protel Otel Y\u00f6netim Programlar\u0131yla neler yap\u0131labilir?<\/strong><\/p>\n\n\n\n<p><strong>Protel otel programlar\u0131, <\/strong>her b\u00fcy\u00fckl\u00fckte ve nitelikte otelin y\u00f6netimini kolayla\u015ft\u0131rmak i\u00e7in geli\u015ftirdi\u011fi zengin \u00e7\u00f6z\u00fcm yelpazesi, hem bulut hem de on-prem se\u00e7enekleriyle kesintisiz bir s\u00fcre\u00e7 y\u00f6netimi sa\u011flar.&nbsp;&nbsp;<\/p>\n\n\n\n<ul class=\"wp-block-list\">\n<li><strong>Online Sat\u0131\u015f Kanallar\u0131 ve Rezervasyon Programlar\u0131: <\/strong>Otel hizmetlerinin gezginlere ula\u015ft\u0131\u011f\u0131 t\u00fcm online ve offline platformlarla uyumludur. Kolay aray\u00fcz\u00fc sayesinde pop\u00fcler, \u00e7ok ziyaret\u00e7ili online sat\u0131\u015f kanallar\u0131n\u0131 verimli kullanman\u0131z\u0131 sa\u011flar.<\/li>\n\n\n\n<li><strong>Protel \u0130\u015f Zek\u00e2s\u0131 ve Raporlama Sistemleri<\/strong>: Farkl\u0131 kaynaklardan g\u00f6nderilen y\u0131\u011f\u0131nlar h\u00e2lindeki verileri i\u015fleyerek en keskin durum de\u011ferlendirmesini yapman\u0131za olanak tan\u0131r.&nbsp;&nbsp;<\/li>\n\n\n\n<li><strong>Oda \u0130\u00e7i Teknolojiler: <\/strong>Protel\u2019in sa\u011flad\u0131\u011f\u0131 oda i\u00e7i teknolojilerle iklimlendirme sisteminden daha karma\u015f\u0131k sistemlere kadar sundu\u011fu dijital \u00e7\u00f6z\u00fcmlerle belirli maliyetleri d\u00fc\u015f\u00fcrerek k\u00e2rl\u0131\u011f\u0131 art\u0131rmak m\u00fcmk\u00fcn.&nbsp;<\/li>\n\n\n\n<li><strong>E-Marketing Ara\u00e7lar\u0131:<\/strong> Protel\u2019in E-Pazarlama ara\u00e7lar\u0131 do\u011fru mesaj\u0131 o mesajla etkile\u015fime ge\u00e7ecek en do\u011fru kitleye en uygun zamanda ve en etkili kanalla iletilebilme kabilyetine sahiptir. <a href=\"https:\/\/www.protel.com.tr\/otel-yonetim-cozumleri\/#footer-form\">E-Pazarlama Arac\u0131n\u0131n<\/a> di\u011fer \u00f6zelliklerini demo kayd\u0131 olu\u015fturarak inceleyebilirsiniz.<\/li>\n<\/ul>\n\n\n\n<ul class=\"wp-block-list\">\n<li><strong>Ak\u0131ll\u0131 Veri Y\u00f6netimi:<\/strong> Dailypoint; Dailypoint sisteminizde olu\u015fmas\u0131 muhtemel konuk bilgisi karma\u015fas\u0131n\u0131 ortadan kald\u0131r\u0131r. Otel y\u00f6netimi s\u0131ras\u0131nda alt\u0131n profil olu\u015fturmaktan m\u00fc\u015fteri ili\u015fkilerine, veri analiti\u011finden pazarlama otomasyonuna ve sadakat y\u00f6netimine kadar her t\u00fcrl\u00fc veriye tek ara\u00e7tan, kolay eri\u015fim sa\u011flarken sa\u011flad\u0131\u011f\u0131 verinin temiz ve g\u00fcvenilir kalmas\u0131n\u0131 sa\u011flar.&nbsp;<\/li>\n<\/ul>\n\n\n\n<p><strong>Tek Link ile Zahmetsiz \u00d6deme Y\u00f6netimi:<\/strong> Misafirlerle e-mail veya sms ile link payla\u015farak tek seferde zahmetsiz \u00f6deme alabilir, E-Tahsilat y\u00f6netiminin sundu\u011fu bankan\u0131n sanal POS\u2019una y\u00f6nlendirme, 3D Secure altyap\u0131s\u0131ndan yararlanma ve farkl\u0131 para birimleriyle \u00f6deme se\u00e7ene\u011fi sunma hizmetleri al\u0131nabilir.<\/p>\n","protected":false},"excerpt":{"rendered":"<p>Ke\u015ffetme tutkusu insano\u011flunun ilerlemesinin en temel itici g\u00fcc\u00fc olmakla birlikte turizmin ana unsuru. Tarih bize ilk gezginlerin Fenikeliler oldu\u011funu s\u00f6yl\u00fcyor. Modern anlamda turizmin temellerini ise 1845 y\u0131l\u0131nda Thomas Cook\u2019un marangozlu\u011fu b\u0131rakarak kurdu\u011fu seyahat acentesinin ve 17. yy\u2019da Avrupal\u0131 ailelerin \u00e7ocuklar\u0131n\u0131 Grand Tour\u2019larla (B\u00fcy\u00fck Tur) e\u011fitim seyahatlerine g\u00f6ndermesine tarihlendi\u011fi s\u00f6ylenebilir. O g\u00fcnden bu yana de\u011fi\u015fen turizm [&hellip;]<\/p>\n","protected":false},"author":7,"featured_media":31597,"comment_status":"closed","ping_status":"closed","sticky":false,"template":"","format":"standard","meta":{"footnotes":""},"categories":[16,295],"tags":[],"class_list":["post-31590","post","type-post","status-publish","format-standard","hentry","category-otel","category-trendlerinovasyon"],"_links":{"self":[{"href":"https:\/\/www.protel.com.tr\/blog\/wp-json\/wp\/v2\/posts\/31590","targetHints":{"allow":["GET"]}}],"collection":[{"href":"https:\/\/www.protel.com.tr\/blog\/wp-json\/wp\/v2\/posts"}],"about":[{"href":"https:\/\/www.protel.com.tr\/blog\/wp-json\/wp\/v2\/types\/post"}],"author":[{"embeddable":true,"href":"https:\/\/www.protel.com.tr\/blog\/wp-json\/wp\/v2\/users\/7"}],"replies":[{"embeddable":true,"href":"https:\/\/www.protel.com.tr\/blog\/wp-json\/wp\/v2\/comments?post=31590"}],"version-history":[{"count":3,"href":"https:\/\/www.protel.com.tr\/blog\/wp-json\/wp\/v2\/posts\/31590\/revisions"}],"predecessor-version":[{"id":32057,"href":"https:\/\/www.protel.com.tr\/blog\/wp-json\/wp\/v2\/posts\/31590\/revisions\/32057"}],"wp:featuredmedia":[{"embeddable":true,"href":"https:\/\/www.protel.com.tr\/blog\/wp-json\/wp\/v2\/media\/31597"}],"wp:attachment":[{"href":"https:\/\/www.protel.com.tr\/blog\/wp-json\/wp\/v2\/media?parent=31590"}],"wp:term":[{"taxonomy":"category","embeddable":true,"href":"https:\/\/www.protel.com.tr\/blog\/wp-json\/wp\/v2\/categories?post=31590"},{"taxonomy":"post_tag","embeddable":true,"href":"https:\/\/www.protel.com.tr\/blog\/wp-json\/wp\/v2\/tags?post=31590"}],"curies":[{"name":"wp","href":"https:\/\/api.w.org\/{rel}","templated":true}]}}