{"id":31276,"date":"2022-11-24T11:51:08","date_gmt":"2022-11-24T08:51:08","guid":{"rendered":"https:\/\/www.protel.com.tr\/blog\/?p=31276"},"modified":"2025-05-07T11:18:32","modified_gmt":"2025-05-07T08:18:32","slug":"konaklama-isletmelerine-black-friday","status":"publish","type":"post","link":"https:\/\/www.protel.com.tr\/blog\/konaklama-isletmelerine-black-friday\/","title":{"rendered":"Konaklama \u0130\u015fletmelerine Black Friday Kampanyalar\u0131 \u0130\u00e7in 5 \u00d6neri"},"content":{"rendered":"<p>K\u00fcresel bir al\u0131\u015fveri\u015f s\u00fcrecine d\u00f6nen Black Friday, ortaya ilk \u00e7\u0131kt\u0131\u011f\u0131nda Kas\u0131m ay\u0131n\u0131n son cumas\u0131 olarak bilinirken, son y\u0131llarda t\u00fcm haftay\u0131 kaps\u0131yor. Y\u0131l i\u00e7erisinde en fazla al\u0131\u015fveri\u015fin yap\u0131ld\u0131\u011f\u0131 bu d\u00f6nemde, t\u00fcketiciler b\u00fcy\u00fck indirimlerden yararlanabilmek i\u00e7in g\u00fcn say\u0131yor. \u0130\u015fletmeler a\u00e7\u0131s\u0131ndan bak\u0131ld\u0131\u011f\u0131nda ise, olu\u015fturaca\u011f\u0131n\u0131z kampanyalar ile sad\u0131k m\u00fc\u015fteriler edinebilece\u011finiz ve sat\u0131\u015flar\u0131n\u0131z\u0131 art\u0131rabilece\u011finiz bir d\u00f6neme girdi\u011finizi s\u00f6yleyebiliriz. Bu d\u00f6nemi daha k\u00e2rl\u0131 bir \u015fekilde ge\u00e7irebilmeniz i\u00e7in size baz\u0131 \u00f6neriler haz\u0131rlad\u0131k.<\/p>\n<h2>Farkl\u0131 \u015fubelerinize y\u00f6nlendirin<\/h2>\n<p>\u00c7ok fazla oda sat\u0131\u015f\u0131 ger\u00e7ekle\u015ftirdi\u011finiz bir senaryoda, talebin y\u00fcksek oldu\u011fu tarihlerde hem overbooking durumunun \u00f6n\u00fcne ge\u00e7mek hem de m\u00fc\u015fterilerinizi geri \u00e7evirmemek i\u00e7in farkl\u0131 \u015fubelerinize y\u00f6nlendirme yapabilirsiniz. Web sitenizde, misafirlerinizin ayn\u0131 tarihte istedikleri \u00f6zelliklere uygun \u015fubeleri tercih etmelerine te\u015fvik eden bir pop-up \u00e7\u0131karabilirsiniz.<\/p>\n<h2>e-Posta pazarlamas\u0131ndan yararlan\u0131n<\/h2>\n<p><img loading=\"lazy\" decoding=\"async\" class=\"alignnone size-full wp-image-31278\" src=\"https:\/\/www.protel.com.tr\/blog\/wp-content\/uploads\/2022\/11\/e-marketing-otel.png\" alt=\"\" width=\"700\" height=\"425\" srcset=\"https:\/\/www.protel.com.tr\/blog\/wp-content\/uploads\/2022\/11\/e-marketing-otel.png 700w, https:\/\/www.protel.com.tr\/blog\/wp-content\/uploads\/2022\/11\/e-marketing-otel-300x182.png 300w, https:\/\/www.protel.com.tr\/blog\/wp-content\/uploads\/2022\/11\/e-marketing-otel-696x423.png 696w, https:\/\/www.protel.com.tr\/blog\/wp-content\/uploads\/2022\/11\/e-marketing-otel-692x420.png 692w\" sizes=\"auto, (max-width: 700px) 100vw, 700px\" \/><\/p>\n<p>M\u00fc\u015fterilerle do\u011frudan ileti\u015fim kurman\u0131n bir yolu olan e-mail pazarlamas\u0131, dijital d\u00fcnyada marka tan\u0131t\u0131m\u0131 yapabilmenin etkili bir yoludur. Art\u0131k, hemen hemen her markan\u0131n dijital d\u00fcnyada yer ald\u0131\u011f\u0131 d\u00fc\u015f\u00fcn\u00fcld\u00fc\u011f\u00fcnde, kalabal\u0131klar aras\u0131ndan s\u0131yr\u0131lmak \u00e7ok da kolay olmayacak. G\u00fcn i\u00e7erisinde kullan\u0131c\u0131lar\u0131n markalar taraf\u0131ndan \u00e7ok fazla mesaj bombard\u0131man\u0131na tutuldu\u011fu da bilinen bir ger\u00e7ek. \u0130\u015fte tam bu sebeple, misafirlerinize veya potansiyel misafirlerinize reddedemeyecekleri f\u0131rsatlar sunmal\u0131 ve kampanyalar\u0131n\u0131z\u0131 en ilgi \u00e7ekici \u015fekilde iletebilmelisiniz. e-Marketing ile do\u011fru zamanda, do\u011fru ki\u015filere, do\u011fru mesajlar\u0131 g\u00f6nderebilirsiniz.<\/p>\n<h2>Black Friday \u0130\u00e7in C\u00f6mert teklifler sunun<\/h2>\n<p>Black Friday\u2019de her marka m\u00fc\u015fterilerine indirimler sundu\u011fu i\u00e7in m\u00fc\u015fteriler bulabilecekleri en iyi f\u0131rsat\u0131 ararlar. Kampanyan\u0131z\u0131n kayda de\u011fer bir f\u0131rsat oldu\u011fundan ve ek de\u011fer katt\u0131\u011f\u0131ndan emin olmal\u0131s\u0131n\u0131z. Fiyatlar\u0131n\u0131za zarar vermeden olu\u015fturaca\u011f\u0131n\u0131z c\u00f6mert bir teklif ile daha fazla oda sat\u0131\u015f\u0131 ger\u00e7ekle\u015ftirebilirsiniz.<\/p>\n<h2>\u00d6nce sad\u0131k m\u00fc\u015fterilerinizi bilgilendirin<\/h2>\n<p>M\u00fc\u015fterilerinize indirim kodu tan\u0131mlayabilir ya da ek hizmetleri uygun fiyatlarla sunabilirsiniz. Black Friday i\u00e7in belirledi\u011finiz kampanyan\u0131za ek olarak yaln\u0131zca sad\u0131k m\u00fc\u015fterilerinize \u00f6zel bir kampanya da haz\u0131rlayabilirsiniz. Burada \u00f6nemli olan nokta, otelinizi daha \u00f6nce ziyaret etmi\u015f ve sad\u0131k bir m\u00fc\u015fteriye d\u00f6n\u00fc\u015fm\u00fc\u015f ki\u015fileri \u00f6nceli\u011finize almak olmal\u0131d\u0131r. Misafir verilerini tek bir merkezde toplayan ve birle\u015ftiren iyi bir veri y\u00f6netimi \u00e7\u00f6z\u00fcm\u00fc ile m\u00fc\u015fterilerinizin ilgilerine g\u00f6re kampanya kurgunuzu \u015fekillendirebilirsiniz. Geri d\u00f6nen m\u00fc\u015fterileriniz sizin i\u00e7in \u00f6nemli olmal\u0131. \u00c7\u00fcnk\u00fc, yeni kazand\u0131\u011f\u0131n\u0131z m\u00fc\u015fterilerden \u00e7ok daha fazla sat\u0131n alma e\u011filiminde olduklar\u0131n\u0131 unutmamal\u0131s\u0131n\u0131z.<\/p>\n<h2>Farkl\u0131 i\u015fletmeler ile ortak kampanyalar d\u00fczenleyin<\/h2>\n<p>Uygun fiyatl\u0131 oda rezervasyonlar\u0131 gezginlerin ilgisini \u00e7ekebilir. Peki bu kampanyay\u0131 biraz daha geni\u015fletseniz nas\u0131l olurdu? Konaklama i\u015fletmesi olarak bir havayolu ya da otob\u00fcs \u015firketiyle ortak kampanya d\u00fczenlemek misafirlerinize daha b\u00fct\u00e7e dostu bir seyahat sa\u011flayabilir. Alternatif olarak tur firmalar\u0131 da d\u00fc\u015f\u00fcn\u00fclebilir. Yerel deneyimleri seven misafirleriniz i\u00e7in indirimli turlar g\u00fczel bir f\u0131rsatt\u0131r. Otelinizin \u00e7evresindeki restoranlar, tur firmalar\u0131, havayolu ve otob\u00fcs \u015firketleri ile anla\u015farak y\u0131l\u0131n en fazla t\u00fcketim yap\u0131lan g\u00fcnlerinde sizin, m\u00fc\u015fterilerinizin ve birlikte \u00e7al\u0131\u015ft\u0131\u011f\u0131n\u0131z firman\u0131n k\u00e2r\u0131n\u0131 art\u0131mas\u0131n\u0131 sa\u011flayabilirsiniz.<\/p>\n","protected":false},"excerpt":{"rendered":"<p>K\u00fcresel bir al\u0131\u015fveri\u015f s\u00fcrecine d\u00f6nen Black Friday, ortaya ilk \u00e7\u0131kt\u0131\u011f\u0131nda Kas\u0131m ay\u0131n\u0131n son cumas\u0131 olarak bilinirken, son y\u0131llarda t\u00fcm haftay\u0131 kaps\u0131yor. Y\u0131l i\u00e7erisinde en fazla al\u0131\u015fveri\u015fin yap\u0131ld\u0131\u011f\u0131 bu d\u00f6nemde, t\u00fcketiciler b\u00fcy\u00fck indirimlerden yararlanabilmek i\u00e7in g\u00fcn say\u0131yor. \u0130\u015fletmeler a\u00e7\u0131s\u0131ndan bak\u0131ld\u0131\u011f\u0131nda ise, olu\u015fturaca\u011f\u0131n\u0131z kampanyalar ile sad\u0131k m\u00fc\u015fteriler edinebilece\u011finiz ve sat\u0131\u015flar\u0131n\u0131z\u0131 art\u0131rabilece\u011finiz bir d\u00f6neme girdi\u011finizi s\u00f6yleyebiliriz. Bu d\u00f6nemi [&hellip;]<\/p>\n","protected":false},"author":16,"featured_media":31277,"comment_status":"open","ping_status":"closed","sticky":false,"template":"","format":"standard","meta":{"footnotes":""},"categories":[16,291],"tags":[],"class_list":["post-31276","post","type-post","status-publish","format-standard","hentry","category-otel","category-pazarlamasatis"],"_links":{"self":[{"href":"https:\/\/www.protel.com.tr\/blog\/wp-json\/wp\/v2\/posts\/31276","targetHints":{"allow":["GET"]}}],"collection":[{"href":"https:\/\/www.protel.com.tr\/blog\/wp-json\/wp\/v2\/posts"}],"about":[{"href":"https:\/\/www.protel.com.tr\/blog\/wp-json\/wp\/v2\/types\/post"}],"author":[{"embeddable":true,"href":"https:\/\/www.protel.com.tr\/blog\/wp-json\/wp\/v2\/users\/16"}],"replies":[{"embeddable":true,"href":"https:\/\/www.protel.com.tr\/blog\/wp-json\/wp\/v2\/comments?post=31276"}],"version-history":[{"count":2,"href":"https:\/\/www.protel.com.tr\/blog\/wp-json\/wp\/v2\/posts\/31276\/revisions"}],"predecessor-version":[{"id":31885,"href":"https:\/\/www.protel.com.tr\/blog\/wp-json\/wp\/v2\/posts\/31276\/revisions\/31885"}],"wp:featuredmedia":[{"embeddable":true,"href":"https:\/\/www.protel.com.tr\/blog\/wp-json\/wp\/v2\/media\/31277"}],"wp:attachment":[{"href":"https:\/\/www.protel.com.tr\/blog\/wp-json\/wp\/v2\/media?parent=31276"}],"wp:term":[{"taxonomy":"category","embeddable":true,"href":"https:\/\/www.protel.com.tr\/blog\/wp-json\/wp\/v2\/categories?post=31276"},{"taxonomy":"post_tag","embeddable":true,"href":"https:\/\/www.protel.com.tr\/blog\/wp-json\/wp\/v2\/tags?post=31276"}],"curies":[{"name":"wp","href":"https:\/\/api.w.org\/{rel}","templated":true}]}}