{"id":30989,"date":"2021-08-05T15:39:16","date_gmt":"2021-08-05T12:39:16","guid":{"rendered":"https:\/\/www.protel.com.tr\/blog\/?p=30989"},"modified":"2025-11-12T12:38:20","modified_gmt":"2025-11-12T09:38:20","slug":"turizm-sektorunde-dijital-donusum","status":"publish","type":"post","link":"https:\/\/www.protel.com.tr\/blog\/turizm-sektorunde-dijital-donusum\/","title":{"rendered":"Turizm Sekt\u00f6r\u00fcnde Dijital D\u00f6n\u00fc\u015f\u00fcm"},"content":{"rendered":"<p>Dijital d\u00fcnya geli\u015ftik\u00e7e, m\u00fc\u015fteri davran\u0131\u015flar\u0131 da de\u011fi\u015fmeye ba\u015flad\u0131. Bu de\u011fi\u015fimin konaklama sekt\u00f6r\u00fcnde de ka\u00e7\u0131n\u0131lmaz bir etkisi oldu. \u0130nsanlar, birka\u00e7 t\u0131klamayla seyahat noktalar\u0131n\u0131 kolayca se\u00e7erken, m\u00fc\u015fteri hizmetleri, etkinlikler, oda \u00f6zellikleri ve i\u015fletmenin sundu\u011fu di\u011fer hizmetler de dahil olmak \u00fczere, m\u00fc\u015fteri deneyimi \u00f6nem kazand\u0131. Peki oteliniz m\u00fc\u015fteri merkezli bir deneyim sunabiliyor mu? Dijital d\u00f6n\u00fc\u015f\u00fcm\u00fc yakalayabiliyor musunuz? Bu yaz\u0131m\u0131zda, otelinizi dijitalle\u015ftirmek i\u00e7in kendi yolunuzu bulman\u0131za yard\u0131mc\u0131 olacak bilgileri payla\u015faca\u011f\u0131z.<\/p>\n<h2>Dijital D\u00f6n\u00fc\u015f\u00fcm Nedir?<\/h2>\n<p>Bu terimi son birka\u00e7 y\u0131ld\u0131r s\u00fcrekli duyuyor olabilirsiniz, ancak \u201cDijital D\u00f6n\u00fc\u015f\u00fcm\u201d tam olarak nedir? Dijital D\u00f6n\u00fc\u015f\u00fcm, mevcut i\u015f s\u00fcre\u00e7lerini uygulama bi\u00e7imini de\u011fi\u015ftirerek, dijital teknolojiyi uyarlama s\u00fcrecidir. Bu yolculuk, kurulu\u015fun k\u00fclt\u00fcr\u00fcn\u00fc, \u00e7al\u0131\u015fanlar\u0131n\u0131 ve m\u00fc\u015fterilerini de etkileyecek bir s\u00fcre\u00e7tir. Bir\u00e7ok kurulu\u015f, mevcut i\u015fletmelerine en son teknolojiyi uygulayarak ve kullanarak kolayca dijital d\u00f6n\u00fc\u015f\u00fcm ger\u00e7ekle\u015ftirebilir. Dijitalle\u015fme, i\u015fletmenizi dijital d\u00fcnyaya ta\u015f\u0131ma eylemidir. Elbette, her d\u00f6n\u00fc\u015f\u00fcm\u00fcn stratejik bir plana ihtiyac\u0131 vard\u0131r ve dijital d\u00f6n\u00fc\u015f\u00fcm yolculu\u011fu da buna dahildir.<\/p>\n<h2>Dijital D\u00f6n\u00fc\u015f\u00fcm\u00fcn Otelinize Faydalar\u0131<\/h2>\n<h3>Mobil Entegrasyon<\/h3>\n<p><img loading=\"lazy\" decoding=\"async\" class=\"alignnone wp-image-30992 size-full\" src=\"https:\/\/www.protel.com.tr\/blog\/wp-content\/uploads\/2021\/08\/mobil-entegrasyon.jpg\" alt=\"\" width=\"700\" height=\"425\" srcset=\"https:\/\/www.protel.com.tr\/blog\/wp-content\/uploads\/2021\/08\/mobil-entegrasyon.jpg 700w, https:\/\/www.protel.com.tr\/blog\/wp-content\/uploads\/2021\/08\/mobil-entegrasyon-300x182.jpg 300w, https:\/\/www.protel.com.tr\/blog\/wp-content\/uploads\/2021\/08\/mobil-entegrasyon-696x423.jpg 696w, https:\/\/www.protel.com.tr\/blog\/wp-content\/uploads\/2021\/08\/mobil-entegrasyon-692x420.jpg 692w\" sizes=\"auto, (max-width: 700px) 100vw, 700px\" \/><\/p>\n<p>G\u00fcn\u00fcm\u00fczde art\u0131k herkesin ki\u015fisel kullan\u0131m\u0131 i\u00e7in en az bir dijital cihaz\u0131 var. Teknoloji, insanlar\u0131n al\u0131\u015fkanl\u0131klar\u0131n\u0131 de\u011fi\u015ftirmeye ba\u015flad\u0131. Otel odas\u0131 rezervasyonu art\u0131k mobil uygulama veya otel web sitesi \u00fczerinden h\u0131zl\u0131 bir \u015fekilde yap\u0131labiliyor. M\u00fc\u015fterileriniz mobil cihazlarla check-in yapmaktan oda servisi sipari\u015f etmeye, var\u0131\u015fta odas\u0131n\u0131 se\u00e7mekten otel odas\u0131n\u0131n kap\u0131s\u0131n\u0131 anahtars\u0131z a\u00e7maya kadar bir\u00e7ok i\u015flemi kolayca yapabiliyor. Misafirlere sunulan bu avantajlar, otellerin kendilerini rakiplerinden ay\u0131rarak en son teknolojiye h\u0131zla adapte olmas\u0131n\u0131 sa\u011fl\u0131yor.<\/p>\n<p><a href=\"https:\/\/www.protel.com.tr\/otel-yonetim-cozumleri\/\" target=\"_blank\" rel=\"noopener\">Verimli otel y\u00f6netimi i\u00e7in Protel&#8217;in otel y\u00f6netim \u00e7\u00f6z\u00fcmleri ile tan\u0131\u015f\u0131n<\/a><\/p>\n<h3>IoT ile G\u00fcnl\u00fck Operasyonlar\u0131 Optimize Edin<\/h3>\n<p><img loading=\"lazy\" decoding=\"async\" class=\"alignnone wp-image-30993 size-full\" src=\"https:\/\/www.protel.com.tr\/blog\/wp-content\/uploads\/2021\/08\/iot-ile-optimize.jpg\" alt=\"\" width=\"700\" height=\"425\" srcset=\"https:\/\/www.protel.com.tr\/blog\/wp-content\/uploads\/2021\/08\/iot-ile-optimize.jpg 700w, https:\/\/www.protel.com.tr\/blog\/wp-content\/uploads\/2021\/08\/iot-ile-optimize-300x182.jpg 300w, https:\/\/www.protel.com.tr\/blog\/wp-content\/uploads\/2021\/08\/iot-ile-optimize-696x423.jpg 696w, https:\/\/www.protel.com.tr\/blog\/wp-content\/uploads\/2021\/08\/iot-ile-optimize-692x420.jpg 692w\" sizes=\"auto, (max-width: 700px) 100vw, 700px\" \/><\/p>\n<p>IoT (Nesnelerin \u0130nterneti) bilinen bu teknoloji, herhangi bir insan m\u00fcdahalesine gerek olmaks\u0131z\u0131n, birbirleriyle ve merkezi kontrol mekanizmas\u0131 ile ba\u011flant\u0131l\u0131 bilgi i\u015flem cihazlar\u0131 olarak tan\u0131mlan\u0131r. Teknolojinin geli\u015fimiyle, konaklama sekt\u00f6r\u00fc de IoT&#8217;yi s\u00fcre\u00e7lerine dahil etti. Bu sayede, manuel check-in ve temizlik i\u015flemlerini \u00f6n b\u00fcro ile senkronize tutarken, evrak i\u015flerine gerek kalmad\u0131. Ayr\u0131ca, oteller oda \u0131\u015f\u0131\u011f\u0131 ve TV&#8217;ler i\u00e7in yerle\u015fik sens\u00f6rler kurarken, oda i\u00e7i ses tan\u0131ma sistemi ile misafir sorular\u0131n\u0131 yan\u0131tlamaya ba\u015flad\u0131. Bunlar, \u00f6n b\u00fcronun i\u015f y\u00fck\u00fcn\u00fc ortadan kald\u0131r\u0131rken, otel maliyetlerinin ve giderlerinin de azalmas\u0131n\u0131 sa\u011flad\u0131.<\/p>\n<p><a href=\"https:\/\/www.protel.com.tr\/otel-yonetim-cozumleri\/oda-ici-teknolojiler\/\" target=\"_blank\" rel=\"noopener noreferrer\">Protel\u2019in oteller i\u00e7in sundu\u011fu oda i\u00e7i teknolojilerle m\u00fc\u015fteri deneyimini ki\u015fiselle\u015ftirin<\/a><\/p>\n<h3>M\u00fc\u015fteri Deneyimini En \u00dcst D\u00fczeye \u00c7\u0131kar\u0131n<\/h3>\n<p><img loading=\"lazy\" decoding=\"async\" class=\"alignnone size-full wp-image-30994\" src=\"https:\/\/www.protel.com.tr\/blog\/wp-content\/uploads\/2021\/08\/musteri-deneyimi.jpg\" alt=\"\" width=\"700\" height=\"425\" srcset=\"https:\/\/www.protel.com.tr\/blog\/wp-content\/uploads\/2021\/08\/musteri-deneyimi.jpg 700w, https:\/\/www.protel.com.tr\/blog\/wp-content\/uploads\/2021\/08\/musteri-deneyimi-300x182.jpg 300w, https:\/\/www.protel.com.tr\/blog\/wp-content\/uploads\/2021\/08\/musteri-deneyimi-696x423.jpg 696w, https:\/\/www.protel.com.tr\/blog\/wp-content\/uploads\/2021\/08\/musteri-deneyimi-692x420.jpg 692w\" sizes=\"auto, (max-width: 700px) 100vw, 700px\" \/><\/p>\n<p>Teknolojinin geli\u015fimiyle oteller, misafirlerinin memnuniyetini \u00f6l\u00e7erken verilerini de toplama imkan\u0131 buluyor. Bu verilerin analizi, otel operasyonlar\u0131n\u0131n verimlili\u011fini art\u0131rmak i\u00e7inde harika bir olanak sunuyor. Ula\u015ft\u0131\u011f\u0131n\u0131z sonu\u00e7larla misafirlerinize sundu\u011funuz hizmeti ki\u015fiselle\u015ftirebilir, bir sonraki ziyaretlerinde daha iyi bir hizmet sunabilir ve otelinizi tekrar ziyaret etmelerini sa\u011flayabilirsiniz.<\/p>\n<p><a href=\"https:\/\/www.protel.com.tr\/otel-yonetim-cozumleri\/clickhotel-is-zekasi-cozumu\/\" target=\"_blank\" rel=\"noopener noreferrer\">Protel i\u015f zek\u00e2s\u0131 ve raporlama sistemleriyle i\u015fletmenizdeki t\u00fcm ayr\u0131nt\u0131lar\u0131 takip edin<\/a><\/p>\n<p>Yukar\u0131da da anlatt\u0131\u011f\u0131m\u0131z gibi dijital d\u00f6n\u00fc\u015f\u00fcm faydalar\u0131 g\u00f6z ard\u0131 edilemez. Oteliniz fark etmeden dijital d\u00f6n\u00fc\u015f\u00fcm\u00fcn alt\u0131 a\u015famas\u0131ndan birinde olabilir. Hangi a\u015famada oldu\u011funuzu \u00f6\u011frenmek i\u00e7in bu a\u015famalara birlikte g\u00f6z atal\u0131m.<\/p>\n<h2>Dijital D\u00f6n\u00fc\u015f\u00fcm\u00fcn 6 A\u015famas\u0131<\/h2>\n<p><img loading=\"lazy\" decoding=\"async\" class=\"alignnone size-full wp-image-30995\" src=\"https:\/\/www.protel.com.tr\/blog\/wp-content\/uploads\/2021\/08\/dijital-donusum-asama-alternatif.jpg\" alt=\"\" width=\"700\" height=\"425\" srcset=\"https:\/\/www.protel.com.tr\/blog\/wp-content\/uploads\/2021\/08\/dijital-donusum-asama-alternatif.jpg 700w, https:\/\/www.protel.com.tr\/blog\/wp-content\/uploads\/2021\/08\/dijital-donusum-asama-alternatif-300x182.jpg 300w, https:\/\/www.protel.com.tr\/blog\/wp-content\/uploads\/2021\/08\/dijital-donusum-asama-alternatif-696x423.jpg 696w, https:\/\/www.protel.com.tr\/blog\/wp-content\/uploads\/2021\/08\/dijital-donusum-asama-alternatif-692x420.jpg 692w\" sizes=\"auto, (max-width: 700px) 100vw, 700px\" \/><\/p>\n<p><strong>A\u015fama 1: Klasik<\/strong><br \/>\nBa\u015fl\u0131ktan da anla\u015f\u0131laca\u011f\u0131 gibi bu a\u015famada, i\u015finizi nas\u0131l yap\u0131yorsan\u0131z ayn\u0131 \u015fekilde yapmaya devam ediyorsunuz.<\/p>\n<p><strong>A\u015fama 2: Aktif<\/strong><br \/>\nRekabeti ve yeni fikirleri deneme ihtiyac\u0131n\u0131 fark etmeye ba\u015flad\u0131\u011f\u0131n\u0131zda 2. a\u015famadas\u0131n\u0131z demektir. Teknolojiyi takip etmek ve s\u00fcre\u00e7lerinizde uygulamaya \u00e7al\u0131\u015fmak bu a\u015faman\u0131n par\u00e7as\u0131d\u0131r. Zorluklar\u0131 fark edip \u00fcstesinden gelmeye \u00e7al\u0131\u015farak i\u015fletmenizin yava\u015f yava\u015f d\u00f6n\u00fc\u015ft\u00fc\u011f\u00fcn\u00fc g\u00f6rebilirsiniz.<\/p>\n<p><strong>A\u015fama 3: Resmile\u015ftirilmi\u015f<\/strong><br \/>\nD\u00f6n\u00fc\u015f\u00fcm\u00fcn ba\u015flad\u0131\u011f\u0131 as\u0131l yer buras\u0131d\u0131r. \u0130\u015fletmenize yeni teknolojileri \u0131srarla uygulamaya ba\u015fl\u0131yorsunuz ve bu deneyler iyi sonu\u00e7lar vermeye ba\u015fl\u0131yor. B\u00f6ylece i\u015fletmenizi daha da ileri ta\u015f\u0131mak i\u00e7in motivasyonunuz da art\u0131yor. Bu a\u015famada genellikle i\u015fletmenin k\u00fclt\u00fcr\u00fcnde de\u011fi\u015fiklikler olu\u015fmaya ba\u015flar. Ama unutmay\u0131n ki, bu de\u011fi\u015fiklikler olmadan, d\u00f6n\u00fc\u015f\u00fcm olmaz&#8230;<\/p>\n<p><strong>A\u015fama 4: Stratejik<\/strong><br \/>\nBu a\u015famada, i\u015fletmenizdeki farkl\u0131 departmanlar dijitalle\u015fmenin g\u00fcc\u00fcn\u00fcn fark\u0131ndad\u0131r. Yeni ve stratejik bir yol haritas\u0131 olu\u015fturmak i\u00e7in dijitalle\u015fmenin temsilcilerine masada yer vermeniz gerekir. Yat\u0131r\u0131mlar\u0131n\u0131z\u0131 daha dinamik bir yakla\u015f\u0131mla yapmaya \u00f6zen g\u00f6sterirken, rolleri ve g\u00f6revleri yeniden tan\u0131mlamaya ba\u015flayabilirsiniz.<\/p>\n<p><strong>A\u015fama 5: Tam Olarak Birle\u015fmi\u015f<\/strong><br \/>\nStratejik yol haritas\u0131n\u0131 tamamlayarak, dijital d\u00f6n\u00fc\u015f\u00fcm yolculu\u011funu takip eden \u00f6zel bir ekip olu\u015fturman\u0131n zaman\u0131 geldi. \u0130\u015fletmenizin k\u00fclt\u00fcr\u00fc ve yap\u0131s\u0131 bu a\u015famada zaten de\u011fi\u015fmi\u015f olabilir. Neredeyse haz\u0131rs\u0131n\u0131z ve ba\u015far\u0131ya giden yolda ilerliyorsunuz.<\/p>\n<p><strong>A\u015fama 6: Yenilik\u00e7i ve Takip Eden<\/strong><br \/>\nBu a\u015famaya ba\u015far\u0131yla gelen i\u015fletmeler, art\u0131k dijital d\u00f6n\u00fc\u015f\u00fcm\u00fcn bir par\u00e7as\u0131d\u0131r. \u0130\u015fletmenizin dijital d\u00f6n\u00fc\u015f\u00fcm\u00fcn faydalar\u0131n\u0131 anlad\u0131\u011f\u0131 ve g\u00f6rd\u00fc\u011f\u00fc zamand\u0131r. S\u00fcrekli de\u011fi\u015fimin i\u015f i\u00e7in gerekli oldu\u011fu kabul edilmi\u015ftir. Bu i\u015fletmeler, yeni teknolojileri takip eder ve de\u011fi\u015fen i\u015f d\u00fcnyas\u0131nda yeniliklere kolayl\u0131kla uyum sa\u011flayan bir yakla\u015f\u0131m benimser.<\/p>\n<p>Dijital d\u00f6n\u00fc\u015f\u00fcm yolculu\u011funa do\u011fru ilerlemek i\u00e7in g\u00f6sterilen \u00e7abalar \u00e7ok olsada, sonu\u00e7lar\u0131 her zaman mutlu eder. Konfor b\u00f6lgenizde kalmak, genellikle i\u015fletmenizi geriye g\u00f6t\u00fcr\u00fcr. Bu teknoloji \u00e7a\u011f\u0131nda, \u00f6zellikle m\u00fc\u015fteri odakl\u0131l\u0131\u011f\u0131n \u015fart oldu\u011fu konaklama sekt\u00f6r\u00fcnde, dijital d\u00f6n\u00fc\u015f\u00fcm \u015fartt\u0131r.<\/p>\n<p>Dijital d\u00f6n\u00fc\u015f\u00fcm\u00fcn bir par\u00e7as\u0131 olmak i\u00e7in Protel\u2019in \u00e7\u00f6z\u00fcmleriyle hemen tan\u0131\u015f\u0131n\u2026<\/p>\n","protected":false},"excerpt":{"rendered":"<p>Dijital d\u00fcnya geli\u015ftik\u00e7e, m\u00fc\u015fteri davran\u0131\u015flar\u0131 da de\u011fi\u015fmeye ba\u015flad\u0131. Bu de\u011fi\u015fimin konaklama sekt\u00f6r\u00fcnde de ka\u00e7\u0131n\u0131lmaz bir etkisi oldu. \u0130nsanlar, birka\u00e7 t\u0131klamayla seyahat noktalar\u0131n\u0131 kolayca se\u00e7erken, m\u00fc\u015fteri hizmetleri, etkinlikler, oda \u00f6zellikleri ve i\u015fletmenin sundu\u011fu di\u011fer hizmetler de dahil olmak \u00fczere, m\u00fc\u015fteri deneyimi \u00f6nem kazand\u0131. Peki oteliniz m\u00fc\u015fteri merkezli bir deneyim sunabiliyor mu? Dijital d\u00f6n\u00fc\u015f\u00fcm\u00fc yakalayabiliyor musunuz? Bu [&hellip;]<\/p>\n","protected":false},"author":16,"featured_media":30996,"comment_status":"open","ping_status":"closed","sticky":false,"template":"","format":"standard","meta":{"footnotes":""},"categories":[16,294],"tags":[],"class_list":["post-30989","post","type-post","status-publish","format-standard","hentry","category-otel","category-teknolojidijitallesme-otel"],"_links":{"self":[{"href":"https:\/\/www.protel.com.tr\/blog\/wp-json\/wp\/v2\/posts\/30989","targetHints":{"allow":["GET"]}}],"collection":[{"href":"https:\/\/www.protel.com.tr\/blog\/wp-json\/wp\/v2\/posts"}],"about":[{"href":"https:\/\/www.protel.com.tr\/blog\/wp-json\/wp\/v2\/types\/post"}],"author":[{"embeddable":true,"href":"https:\/\/www.protel.com.tr\/blog\/wp-json\/wp\/v2\/users\/16"}],"replies":[{"embeddable":true,"href":"https:\/\/www.protel.com.tr\/blog\/wp-json\/wp\/v2\/comments?post=30989"}],"version-history":[{"count":5,"href":"https:\/\/www.protel.com.tr\/blog\/wp-json\/wp\/v2\/posts\/30989\/revisions"}],"predecessor-version":[{"id":33001,"href":"https:\/\/www.protel.com.tr\/blog\/wp-json\/wp\/v2\/posts\/30989\/revisions\/33001"}],"wp:featuredmedia":[{"embeddable":true,"href":"https:\/\/www.protel.com.tr\/blog\/wp-json\/wp\/v2\/media\/30996"}],"wp:attachment":[{"href":"https:\/\/www.protel.com.tr\/blog\/wp-json\/wp\/v2\/media?parent=30989"}],"wp:term":[{"taxonomy":"category","embeddable":true,"href":"https:\/\/www.protel.com.tr\/blog\/wp-json\/wp\/v2\/categories?post=30989"},{"taxonomy":"post_tag","embeddable":true,"href":"https:\/\/www.protel.com.tr\/blog\/wp-json\/wp\/v2\/tags?post=30989"}],"curies":[{"name":"wp","href":"https:\/\/api.w.org\/{rel}","templated":true}]}}