{"id":30922,"date":"2021-04-21T18:02:50","date_gmt":"2021-04-21T15:02:50","guid":{"rendered":"https:\/\/www.protel.com.tr\/blog\/?p=30922"},"modified":"2025-08-26T18:07:24","modified_gmt":"2025-08-26T15:07:24","slug":"verimli-paket-siparis-yonetimi","status":"publish","type":"post","link":"https:\/\/www.protel.com.tr\/blog\/verimli-paket-siparis-yonetimi\/","title":{"rendered":"Paket Sipari\u015f S\u00fcre\u00e7lerinin Verimli Y\u00f6netimi \u0130\u00e7in 5 Tavsiye"},"content":{"rendered":"\n<div class=\"wp-block-rank-math-toc-block\" id=\"rank-math-toc\"><h2>\u0130\u00e7indekiler<\/h2><nav><ul><li class=\"\"><a href=\"#web-sitenizden-siparis-alin\">Web sitenizden sipari\u015f al\u0131n<\/a><\/li><li class=\"\"><a href=\"#araci-platformlarla-calisin\">Arac\u0131 platformlarla \u00e7al\u0131\u015f\u0131n<\/a><\/li><li class=\"\"><a href=\"#paket-siparis-servisi-icin-is-akisi-olusturun\">Paket sipari\u015f servisi i\u00e7in i\u015f ak\u0131\u015f\u0131 olu\u015fturun<\/a><\/li><li class=\"\"><a href=\"#temassiz-odeme-secenegi-sunun\">Temass\u0131z \u00f6deme se\u00e7ene\u011fi sunun<\/a><\/li><li class=\"\"><a href=\"#hizli-ve-kaliteli-teslim-gerceklestirin\">H\u0131zl\u0131 ve kaliteli teslim ger\u00e7ekle\u015ftirin<\/a><\/li><\/ul><\/nav><\/div>\n\n\n\n<p>Paket sipari\u015f, d\u00fcnyan\u0131n her yerinde i\u015fletmeler i\u00e7in b\u00fcy\u00fck bir gelir kayna\u011f\u0131 haline geldi. Her ge\u00e7en g\u00fcn pazardaki pay\u0131 artan paket servis, \u00f6zellikle Covid-19 pandemisinde i\u015fletmeciler i\u00e7in gelirlerinin s\u00fcrd\u00fcr\u00fclebilir olmas\u0131n\u0131 sa\u011flad\u0131. Bunun yan\u0131 s\u0131ra, i\u015fletme i\u00e7inde hizmet verilen normal d\u00f6nemlerde de gelirlerin b\u00fcy\u00fck oranda artmas\u0131na imkan tan\u0131d\u0131.<\/p>\n\n\n\n<p>\u0130\u015fletmeler i\u00e7in bu kadar \u00f6nem sahibi olan bir i\u015f ak\u0131\u015f\u0131n\u0131n d\u00fczenlenmesi, verimlili\u011finin art\u0131r\u0131lmas\u0131 ve m\u00fc\u015fteri memnuniyetinin g\u00f6z \u00f6n\u00fcnde bulundurulmas\u0131 gerekiyor. Paket sipari\u015f s\u00fcre\u00e7lerinizi nas\u0131l daha verimli bir hale getirebilirsiniz?&nbsp;&nbsp;<\/p>\n\n\n\n<h2 class=\"wp-block-heading\" id=\"web-sitenizden-siparis-alin\">Web sitenizden sipari\u015f al\u0131n<\/h2>\n\n\n\n<figure class=\"wp-block-image size-full\"><img loading=\"lazy\" decoding=\"async\" width=\"700\" height=\"425\" src=\"https:\/\/www.protel.com.tr\/blog\/wp-content\/uploads\/2021\/04\/paket-siparis-web-sitenizden-siparis.jpg\" alt=\"\" class=\"wp-image-32027\" srcset=\"https:\/\/www.protel.com.tr\/blog\/wp-content\/uploads\/2021\/04\/paket-siparis-web-sitenizden-siparis.jpg 700w, https:\/\/www.protel.com.tr\/blog\/wp-content\/uploads\/2021\/04\/paket-siparis-web-sitenizden-siparis-300x182.jpg 300w, https:\/\/www.protel.com.tr\/blog\/wp-content\/uploads\/2021\/04\/paket-siparis-web-sitenizden-siparis-696x423.jpg 696w, https:\/\/www.protel.com.tr\/blog\/wp-content\/uploads\/2021\/04\/paket-siparis-web-sitenizden-siparis-692x420.jpg 692w\" sizes=\"auto, (max-width: 700px) 100vw, 700px\" \/><\/figure>\n\n\n\n<p>Web siteniz \u00fczerinden sipari\u015f almak, m\u00fc\u015fterilerinizin size arama motorlar\u0131 \u00fczerinden kolayca ula\u015fmalar\u0131n\u0131 sa\u011flar. \u0130\u015fletme web sitenizin mobil cihazlarda da kusursuz bir \u015fekilde \u00e7al\u0131\u015fmas\u0131, sipari\u015f ve \u00f6demelerin ayn\u0131 web sitesinden al\u0131nabilmesi, i\u015fletmenizin ileti\u015fim bilgileri ile men\u00fcs\u00fcn\u00fcn bu web sitesinde bulunmas\u0131 \u00f6nemli birer ad\u0131m.&nbsp;<\/p>\n\n\n\n<p>Protel\u2019in \u00e7ok kanall\u0131 sat\u0131\u015f ve sadakat \u00e7\u00f6z\u00fcm\u00fc <a href=\"https:\/\/www.protel.com.tr\/restoran-yonetim-cozumleri\/wizlo-cok-kanalli-satis-sadakat-programi\/\" target=\"_blank\" rel=\"noreferrer noopener\">Wizlo,<\/a> i\u015fletmenizin web sitesinden d\u00fc\u015f\u00fck komisyon oranlar\u0131yla sipari\u015f alman\u0131z\u0131 sa\u011fl\u0131yor.&nbsp;<\/p>\n\n\n\n<h2 class=\"wp-block-heading\" id=\"araci-platformlarla-calisin\">Arac\u0131 platformlarla \u00e7al\u0131\u015f\u0131n<\/h2>\n\n\n\n<figure class=\"wp-block-image size-full\"><img loading=\"lazy\" decoding=\"async\" width=\"700\" height=\"425\" src=\"https:\/\/www.protel.com.tr\/blog\/wp-content\/uploads\/2021\/04\/paket-siparis-araci-platform.jpg\" alt=\"\" class=\"wp-image-32028\" srcset=\"https:\/\/www.protel.com.tr\/blog\/wp-content\/uploads\/2021\/04\/paket-siparis-araci-platform.jpg 700w, https:\/\/www.protel.com.tr\/blog\/wp-content\/uploads\/2021\/04\/paket-siparis-araci-platform-300x182.jpg 300w, https:\/\/www.protel.com.tr\/blog\/wp-content\/uploads\/2021\/04\/paket-siparis-araci-platform-696x423.jpg 696w, https:\/\/www.protel.com.tr\/blog\/wp-content\/uploads\/2021\/04\/paket-siparis-araci-platform-692x420.jpg 692w\" sizes=\"auto, (max-width: 700px) 100vw, 700px\" \/><\/figure>\n\n\n\n<p>G\u00fcn\u00fcm\u00fczde yemek sipari\u015f platformlar\u0131 g\u00fcn ge\u00e7tik\u00e7e kullan\u0131m oranlar\u0131n\u0131 art\u0131r\u0131yor. S\u0131k kullan\u0131lan yemek sipari\u015f platformlar\u0131nda i\u015fletmenizin bulunmas\u0131, m\u00fc\u015fteri say\u0131n\u0131z\u0131n artmas\u0131 i\u00e7in b\u00fcy\u00fck bir ad\u0131m olacak.<\/p>\n\n\n\n<p>Bu platformlar \u00fczerinden verilen sipari\u015flerin <a href=\"https:\/\/www.protel.com.tr\/restoran-yonetim-cozumleri\/pos-sistemleri\/\" target=\"_blank\" rel=\"noreferrer noopener\">POS sistemi<\/a> \u00fczerinde anl\u0131k olarak g\u00f6r\u00fcnt\u00fclenebilmesi ve y\u00f6netilebilmesi de olduk\u00e7a \u00f6nemli. Ayr\u0131ca, POS sisteminize kaydetti\u011finiz t\u00fcm men\u00fc kalemlerinin bu platformlara kusursuz bir \u015fekilde aktar\u0131lmas\u0131 da do\u011fru POS sistemini se\u00e7menizle m\u00fcmk\u00fcn oluyor.&nbsp;<\/p>\n\n\n\n<h2 class=\"wp-block-heading\" id=\"paket-siparis-servisi-icin-is-akisi-olusturun\">Paket sipari\u015f servisi i\u00e7in i\u015f ak\u0131\u015f\u0131 olu\u015fturun<\/h2>\n\n\n\n<figure class=\"wp-block-image size-large\"><img loading=\"lazy\" decoding=\"async\" width=\"700\" height=\"425\" src=\"https:\/\/www.protel.com.tr\/blog\/wp-content\/uploads\/2021\/04\/paket-servis-icin-is-akisi.jpg\" alt=\"\" class=\"wp-image-30927\" srcset=\"https:\/\/www.protel.com.tr\/blog\/wp-content\/uploads\/2021\/04\/paket-servis-icin-is-akisi.jpg 700w, https:\/\/www.protel.com.tr\/blog\/wp-content\/uploads\/2021\/04\/paket-servis-icin-is-akisi-300x182.jpg 300w, https:\/\/www.protel.com.tr\/blog\/wp-content\/uploads\/2021\/04\/paket-servis-icin-is-akisi-696x423.jpg 696w, https:\/\/www.protel.com.tr\/blog\/wp-content\/uploads\/2021\/04\/paket-servis-icin-is-akisi-692x420.jpg 692w\" sizes=\"auto, (max-width: 700px) 100vw, 700px\" \/><\/figure>\n\n\n\n<p>Paket sipari\u015f s\u00fcrecinde do\u011fru \u015fekilde olu\u015fturulan i\u015f ak\u0131\u015f\u0131, hizmet kalitesi ve h\u0131z\u0131yla paralellik g\u00f6sterir. \u00dcr\u00fcnleri haz\u0131rlayacak, paketleyecek ve m\u00fc\u015fteriye g\u00f6t\u00fcrecek \u00e7al\u0131\u015fanlar\u0131n\u0131z\u0131n g\u00f6revlerini do\u011fru \u015fekilde yerine getirmesi i\u00e7in gerekli ortam\u0131 onlara sunmal\u0131s\u0131n\u0131z.&nbsp;<\/p>\n\n\n\n<p>\u00d6rne\u011fin, \u00fcr\u00fcnler haz\u0131rland\u0131ktan sonra farkl\u0131 bir paketleme alan\u0131na aktar\u0131lmas\u0131n\u0131 sa\u011flayarak \u00fcretim ve paketleme ak\u0131\u015f\u0131n\u0131n h\u0131zlanmas\u0131n\u0131 sa\u011flayabilir, bu alanlarda kar\u0131\u015f\u0131kl\u0131\u011f\u0131 \u00f6nleyebilirsiniz.&nbsp;<\/p>\n\n\n\n<h2 class=\"wp-block-heading\" id=\"temassiz-odeme-secenegi-sunun\">Temass\u0131z \u00f6deme se\u00e7ene\u011fi sunun<\/h2>\n\n\n\n<figure class=\"wp-block-image size-large\"><img loading=\"lazy\" decoding=\"async\" width=\"700\" height=\"425\" src=\"https:\/\/www.protel.com.tr\/blog\/wp-content\/uploads\/2021\/04\/temassiz-odeme.jpg\" alt=\"\" class=\"wp-image-30928\" srcset=\"https:\/\/www.protel.com.tr\/blog\/wp-content\/uploads\/2021\/04\/temassiz-odeme.jpg 700w, https:\/\/www.protel.com.tr\/blog\/wp-content\/uploads\/2021\/04\/temassiz-odeme-300x182.jpg 300w, https:\/\/www.protel.com.tr\/blog\/wp-content\/uploads\/2021\/04\/temassiz-odeme-696x423.jpg 696w, https:\/\/www.protel.com.tr\/blog\/wp-content\/uploads\/2021\/04\/temassiz-odeme-692x420.jpg 692w\" sizes=\"auto, (max-width: 700px) 100vw, 700px\" \/><\/figure>\n\n\n\n<p>M\u00fc\u015fterilerinize temass\u0131z \u00f6deme se\u00e7ene\u011fi sunmak, minimum fiziksel temas beklentisi i\u00e7inde bulundu\u011fumuz bu \u00f6zel d\u00f6nemde m\u00fc\u015fteri memnuniyetini sa\u011flamak i\u00e7in \u00f6nemli bir ad\u0131m. Ayr\u0131ca, kredi kartlar\u0131n\u0131n yan\u0131nda yemek kartlar\u0131 \u00fczerinden de \u00f6deme alarak farkl\u0131 m\u00fc\u015fterilere temass\u0131z ve kusursuz \u00f6deme s\u00fcreci olu\u015fturabilirsiniz.&nbsp;<\/p>\n\n\n\n<p>Online \u00f6deme ve kap\u0131da temass\u0131z \u00f6deme i\u00e7in i\u015fletmenizin POS sisteminin size sundu\u011fu imkanlar\u0131 de\u011ferlendirmeniz, m\u00fc\u015fterilerinizin i\u015fletmenize olan ba\u011fl\u0131l\u0131\u011f\u0131n\u0131 art\u0131racakt\u0131r.<\/p>\n\n\n\n<h2 class=\"wp-block-heading\" id=\"hizli-ve-kaliteli-teslim-gerceklestirin\">H\u0131zl\u0131 ve kaliteli teslim ger\u00e7ekle\u015ftirin<\/h2>\n\n\n\n<figure class=\"wp-block-image size-large\"><img loading=\"lazy\" decoding=\"async\" width=\"700\" height=\"425\" src=\"https:\/\/www.protel.com.tr\/blog\/wp-content\/uploads\/2021\/04\/hizli-ve-kaliteli-teslim.jpg\" alt=\"\" class=\"wp-image-30929\" srcset=\"https:\/\/www.protel.com.tr\/blog\/wp-content\/uploads\/2021\/04\/hizli-ve-kaliteli-teslim.jpg 700w, https:\/\/www.protel.com.tr\/blog\/wp-content\/uploads\/2021\/04\/hizli-ve-kaliteli-teslim-300x182.jpg 300w, https:\/\/www.protel.com.tr\/blog\/wp-content\/uploads\/2021\/04\/hizli-ve-kaliteli-teslim-696x423.jpg 696w, https:\/\/www.protel.com.tr\/blog\/wp-content\/uploads\/2021\/04\/hizli-ve-kaliteli-teslim-692x420.jpg 692w\" sizes=\"auto, (max-width: 700px) 100vw, 700px\" \/><\/figure>\n\n\n\n<p>Paket sipari\u015f, kendi i\u00e7inde irili ufakl\u0131 riskler ta\u015f\u0131yan bir sistem. H\u0131zl\u0131 teslimat her zaman tek ba\u015f\u0131na kaliteli teslimat anlam\u0131na gelmiyor. Hatta baz\u0131 durumlarda h\u0131z, \u00fcr\u00fcnlerin paketlenme ve teslimat s\u00fcrecinde gerekli dikkatin g\u00f6sterilmemesine neden oluyor.&nbsp;<\/p>\n\n\n\n<p>\u0130\u00e7ecek ve s\u0131cak yiyeceklerin ayr\u0131 ayr\u0131 paketlenmesi, geri d\u00f6n\u00fc\u015ft\u00fcr\u00fclebilir paketlerin tercih edilmesi, \u00fcr\u00fcnlerin paketlenmesi i\u00e7in d\u00f6k\u00fclme ve s\u0131cakl\u0131\u011f\u0131 kaybetme gibi riskleri \u00f6nleyecek y\u00f6ntemlerin tercih edilmesi, i\u015fletmenizin m\u00fc\u015fteriler taraf\u0131ndan takdir edilmesini sa\u011flayacak.<\/p>\n","protected":false},"excerpt":{"rendered":"<p>Paket sipari\u015f, d\u00fcnyan\u0131n her yerinde i\u015fletmeler i\u00e7in b\u00fcy\u00fck bir gelir kayna\u011f\u0131 haline geldi. Her ge\u00e7en g\u00fcn pazardaki pay\u0131 artan paket servis, \u00f6zellikle Covid-19 pandemisinde i\u015fletmeciler i\u00e7in gelirlerinin s\u00fcrd\u00fcr\u00fclebilir olmas\u0131n\u0131 sa\u011flad\u0131. Bunun yan\u0131 s\u0131ra, i\u015fletme i\u00e7inde hizmet verilen normal d\u00f6nemlerde de gelirlerin b\u00fcy\u00fck oranda artmas\u0131na imkan tan\u0131d\u0131. \u0130\u015fletmeler i\u00e7in bu kadar \u00f6nem sahibi olan bir i\u015f [&hellip;]<\/p>\n","protected":false},"author":16,"featured_media":30923,"comment_status":"open","ping_status":"closed","sticky":false,"template":"","format":"standard","meta":{"footnotes":""},"categories":[292,47,300],"tags":[],"class_list":["post-30922","post","type-post","status-publish","format-standard","hentry","category-pazarlamasatis-restoranyonetimi","category-restoranyonetimi","category-yonetimoperasyon-restoranyonetimi"],"_links":{"self":[{"href":"https:\/\/www.protel.com.tr\/blog\/wp-json\/wp\/v2\/posts\/30922","targetHints":{"allow":["GET"]}}],"collection":[{"href":"https:\/\/www.protel.com.tr\/blog\/wp-json\/wp\/v2\/posts"}],"about":[{"href":"https:\/\/www.protel.com.tr\/blog\/wp-json\/wp\/v2\/types\/post"}],"author":[{"embeddable":true,"href":"https:\/\/www.protel.com.tr\/blog\/wp-json\/wp\/v2\/users\/16"}],"replies":[{"embeddable":true,"href":"https:\/\/www.protel.com.tr\/blog\/wp-json\/wp\/v2\/comments?post=30922"}],"version-history":[{"count":10,"href":"https:\/\/www.protel.com.tr\/blog\/wp-json\/wp\/v2\/posts\/30922\/revisions"}],"predecessor-version":[{"id":32843,"href":"https:\/\/www.protel.com.tr\/blog\/wp-json\/wp\/v2\/posts\/30922\/revisions\/32843"}],"wp:featuredmedia":[{"embeddable":true,"href":"https:\/\/www.protel.com.tr\/blog\/wp-json\/wp\/v2\/media\/30923"}],"wp:attachment":[{"href":"https:\/\/www.protel.com.tr\/blog\/wp-json\/wp\/v2\/media?parent=30922"}],"wp:term":[{"taxonomy":"category","embeddable":true,"href":"https:\/\/www.protel.com.tr\/blog\/wp-json\/wp\/v2\/categories?post=30922"},{"taxonomy":"post_tag","embeddable":true,"href":"https:\/\/www.protel.com.tr\/blog\/wp-json\/wp\/v2\/tags?post=30922"}],"curies":[{"name":"wp","href":"https:\/\/api.w.org\/{rel}","templated":true}]}}