{"id":30706,"date":"2020-02-19T11:58:58","date_gmt":"2020-02-19T08:58:58","guid":{"rendered":"https:\/\/www.protel.com.tr\/blog\/?p=30706"},"modified":"2025-09-12T15:33:10","modified_gmt":"2025-09-12T12:33:10","slug":"konaklama-vergisi-nedir","status":"publish","type":"post","link":"https:\/\/www.protel.com.tr\/blog\/konaklama-vergisi-nedir\/","title":{"rendered":"Konaklama Vergisi Nedir?"},"content":{"rendered":"\r\n<p>Ocak 2023\u2019ten bu yana y\u00fcr\u00fcrl\u00fckte olan Konaklama Vergisi, T\u00fcrkiye\u2019de geceleme hizmeti sunan t\u00fcm tesisler i\u00e7in yeni bir vergisel d\u00fczeni beraberinde getirdi. Konaklama Vergisi Nedir, Nas\u0131l Hesaplan\u0131r? ba\u015fl\u0131kl\u0131 yaz\u0131m\u0131zda, \u00f6zellikle otel, pansiyon, apart otel, kamp alan\u0131 ve tatil k\u00f6y\u00fc gibi pek \u00e7ok konaklama t\u00fcr\u00fcn\u00fc kapsayan bu verginin kapsam\u0131, uygulama \u015fekli ve otelcilik sekt\u00f6r\u00fcne etkilerine detayl\u0131 bir bak\u0131\u015f sunuyoruz.<\/p>\r\n\r\n\r\n\r\n<h2 class=\"wp-block-heading\"><strong>Konaklama Vergisi Nedir?<\/strong><\/h2>\r\n\r\n\r\n\r\n<p>Konaklama Vergisi, otel, pansiyon, tatil k\u00f6y\u00fc, apart otel, kamping, da\u011f ve yayla evi gibi tesislerde verilen geceleme hizmetiyle birlikte sunulan yeme-i\u00e7me, e\u011flence, havuz, spor, termal alan kullan\u0131m\u0131 gibi hizmetler \u00fczerinden al\u0131nan bir vergidir.<\/p>\r\n\r\n\r\n\r\n<p>Turizm Konaklama Vergisi olarak da bilinen uygulama, 2019 y\u0131l\u0131nda kabul edilen 7194 say\u0131l\u0131 Kanun ile 6802 say\u0131l\u0131 Gider Vergileri Kanunu\u2019na eklenmi\u015f; detayl\u0131 uygulama esaslar\u0131 ise 14 Aral\u0131k 2022 tarihli Resm\u00ee Gazete\u2019de yay\u0131mlanan tebli\u011f ile belirlenmi\u015ftir. 1 Ocak 2023\u2019ten beri y\u00fcr\u00fcrl\u00fcktedir.<\/p>\r\n\r\n\r\n\r\n<p>Konaklama Vergisi, konaklama hizmeti sunan t\u00fcm tesislerde uygulan\u0131r. Tesisin t\u00fcr\u00fc, niteli\u011fi veya turizm belgesi olup olmamas\u0131 \u00f6nemli de\u011fildir. Misafirlerin uyruk, milliyet veya yerle\u015fim yeri gibi kriterlere de bak\u0131lmaz.<\/p>\r\n\r\n\r\n\r\n<h3 class=\"wp-block-heading\"><strong>Konaklama Vergisi ne kadar? <\/strong><\/h3>\r\n\r\n\r\n\r\n<p>Konaklama vergisi, sabit bir tutar de\u011fil; konaklama tesislerinin misafire sundu\u011fu KDV hari\u00e7 hizmet bedeli \u00fczerinden %2 oran\u0131nda hesaplan\u0131r. Hizmet tutar\u0131 artt\u0131k\u00e7a, \u00f6denecek konaklama vergisi de bu oranda artar.<\/p>\r\n\r\n\r\n\r\n<h2 class=\"wp-block-heading\"><strong>Konaklama Vergisi Nas\u0131l Hesaplan\u0131r? <\/strong><\/h2>\r\n\r\n\r\n\r\n<p>Konaklama Vergisi\u2019nin oran\u0131 %2\u2019dir ve bu vergi, KDV hari\u00e7 toplam konaklama bedeli \u00fczerinden hesaplan\u0131r. Konaklama Vergisi, konaklama tesisleri taraf\u0131ndan d\u00fczenlenen fatura veya benzeri belgelerde ayr\u0131ca belirtilmek zorundad\u0131r ve bu vergi tutar\u0131nda herhangi bir indirim yap\u0131lamaz.<\/p>\r\n\r\n\r\n\r\n<p>Ancak konaklama hizmeti hen\u00fcz sunulmadan, \u00f6rne\u011fin rezervasyon a\u015famas\u0131nda fatura ya da benzeri belge d\u00fczenlenirse, bu belgelerde Konaklama Vergisi tutar\u0131 ya da ibaresi yer almaz. Vergi, hizmetin fiilen sunulmas\u0131ndan sonra al\u0131n\u0131r.<\/p>\r\n\r\n\r\n\r\n<p>A\u015fa\u011f\u0131da, Konaklama Vergisi\u2019nin do\u011fru bir \u015fekilde faturaland\u0131r\u0131lmas\u0131na dair \u00f6rnek bir hesaplama yer almaktad\u0131r:<\/p>\r\n\r\n\r\n\r\n<figure class=\"wp-block-table\"><table class=\"has-fixed-layout\"><tbody><tr><td><strong>Kalem<\/strong><\/td><td><strong>Tutar<\/strong><\/td><\/tr><tr><td>Konaklama bedeli (KDV hari\u00e7)<\/td><td>5.000 TL<\/td><\/tr><tr><td>Konaklama Vergisi (%2)<\/td><td>100 TL<\/td><\/tr><tr><td>KDV matrah\u0131<\/td><td>5.000 TL<\/td><\/tr><tr><td>KDV tutar\u0131 (%8)<\/td><td>400 TL<\/td><\/tr><tr><td><strong>Genel toplam<\/strong><\/td><td><strong>5.500 TL<\/strong><\/td><\/tr><\/tbody><\/table><\/figure>\r\n\r\n\r\n\r\n<p>Bu \u00f6rnekte, 5.000 TL&#8217;lik konaklama bedeline 100 TL Konaklama Vergisi eklenmi\u015f, ayr\u0131ca 400 TL KDV hesaplanm\u0131\u015ft\u0131r. B\u00f6ylece m\u00fc\u015fteriye yans\u0131t\u0131lacak toplam tutar 5.500 TL olmu\u015ftur.<\/p>\r\n\r\n\r\n\r\n<h2 class=\"wp-block-heading\"><strong>Konaklama Vergisi Ne Ama\u00e7la Uygulan\u0131r?<\/strong><\/h2>\r\n\r\n\r\n\r\n<figure class=\"wp-block-image size-large\"><img loading=\"lazy\" decoding=\"async\" width=\"1024\" height=\"622\" src=\"https:\/\/www.protel.com.tr\/blog\/wp-content\/uploads\/2020\/02\/konaklama_vergisi_ne_amacla_uygulanir-1024x622.webp\" alt=\"\" class=\"wp-image-32421\" srcset=\"https:\/\/www.protel.com.tr\/blog\/wp-content\/uploads\/2020\/02\/konaklama_vergisi_ne_amacla_uygulanir-1024x622.webp 1024w, https:\/\/www.protel.com.tr\/blog\/wp-content\/uploads\/2020\/02\/konaklama_vergisi_ne_amacla_uygulanir-300x182.webp 300w, https:\/\/www.protel.com.tr\/blog\/wp-content\/uploads\/2020\/02\/konaklama_vergisi_ne_amacla_uygulanir-768x467.webp 768w, https:\/\/www.protel.com.tr\/blog\/wp-content\/uploads\/2020\/02\/konaklama_vergisi_ne_amacla_uygulanir-696x423.webp 696w, https:\/\/www.protel.com.tr\/blog\/wp-content\/uploads\/2020\/02\/konaklama_vergisi_ne_amacla_uygulanir-691x420.webp 691w, https:\/\/www.protel.com.tr\/blog\/wp-content\/uploads\/2020\/02\/konaklama_vergisi_ne_amacla_uygulanir.webp 1050w\" sizes=\"auto, (max-width: 1024px) 100vw, 1024px\" \/><\/figure>\r\n\r\n\r\n\r\n<p>Konaklama Vergisi, turizmden elde edilen kamu gelirlerini art\u0131rmak amac\u0131yla uygulan\u0131r. Devlet, geceleme hizmeti sunan tesislerden al\u0131nan bu vergiyle hem sekt\u00f6rel d\u00fczeni sa\u011flamay\u0131 hem de kamu hizmetlerinin finansman\u0131na katk\u0131 sunmay\u0131 ama\u00e7lar.<\/p>\r\n\r\n\r\n\r\n<p>Bu vergi sayesinde, otel, pansiyon, apart otel, tatil k\u00f6y\u00fc gibi konaklama i\u015fletmelerinin gelirleri kay\u0131t alt\u0131na al\u0131n\u0131r ve sekt\u00f6r\u00fcn ekonomik hareketlili\u011fi ilgili kurumlar taraf\u0131ndan daha net izlenebilir. Ayn\u0131 zamanda, hizmetin al\u0131nd\u0131\u011f\u0131 anda do\u011fan bu vergi; promosyon, hediye, kampanya gibi bedelsiz konaklamalar\u0131 da kapsayarak vergisel e\u015fitli\u011fi destekler.<\/p>\r\n\r\n\r\n\r\n<p>Konaklama Vergisi hem turizmden sa\u011flanan kamu gelirini \u00e7e\u015fitlendirmek hem de sekt\u00f6rde adil ve s\u00fcrd\u00fcr\u00fclebilir bir vergi yap\u0131s\u0131 olu\u015fturmak amac\u0131yla y\u00fcr\u00fcrl\u00fc\u011fe konmu\u015f bir uygulamad\u0131r.<\/p>\r\n\r\n\r\n\r\n<h3 class=\"wp-block-heading\"><strong>1- Konaklama Vergisi Neleri Kaps\u0131yor?<\/strong><\/h3>\r\n\r\n\r\n\r\n<p>Konaklama Vergisi; konaklama tesislerinde verilen geceleme hizmeti ile bu hizmetle birlikte&nbsp; sat\u0131lmak suretiyle konaklama tesisi b\u00fcnyesinde sunulan di\u011fer t\u00fcm hizmetleri (<em>yeme, i\u00e7me, aktivite, e\u011flence hizmetleri, havuz, spor, termal ve benzeri alanlar\u0131n kullan\u0131m\u0131 gibi<\/em>) kaps\u0131yor. Bir hizmetin Konaklama Vergisi\u2019ne dahil olabilmesi i\u00e7in, geceleme hizmetiyle birlikte sat\u0131lmas\u0131 ve konaklama tesisinin b\u00fcnyesinde sunulmas\u0131 gerekir.<strong> <\/strong>&nbsp;<\/p>\r\n\r\n\r\n\r\n<h3 class=\"wp-block-heading\"><strong>2- Konaklama Vergisi\u2019nin Matrah\u0131 ve Oran\u0131 Nedir?<\/strong><\/h3>\r\n\r\n\r\n\r\n<p>Konaklama Vergisi\u2019nin matrah\u0131; verginin konusuna giren hizmetler kar\u015f\u0131l\u0131\u011f\u0131nda, Katma De\u011fer Vergisi (KDV) hari\u00e7 olmak \u00fczere, sa\u011flanan hizmet ve de\u011ferlerin toplam\u0131d\u0131r. Yani, sadece konaklama hizmeti i\u00e7in al\u0131nan \u00fccret de\u011fil; geceleme ile birlikte sat\u0131lan yeme-i\u00e7me, e\u011flence, havuz gibi ek hizmetlerden elde edilen bedeller de matraha dahil edilir. Oran ise 1 Ocak 2023\u2019ten beri %2\u2019dir.<\/p>\r\n\r\n\r\n\r\n<h3 class=\"wp-block-heading\"><strong>3- Konaklama Vergisi Belge D\u00fczeni Nas\u0131l Olmal\u0131?<\/strong><\/h3>\r\n\r\n\r\n\r\n<p>Konaklama Vergisi, konaklama tesisleri taraf\u0131ndan d\u00fczenlenen fatura ve benzeri belgelerde ayr\u0131ca g\u00f6sterilmek zorundad\u0131r. Bu tutar, fatura \u00fczerinde ayr\u0131 bir sat\u0131rda yaz\u0131lmal\u0131 ve KDV hari\u00e7 konaklama bedelinin y\u00fczde 2\u2019si olarak hesaplan\u0131r. Bu vergi tutar\u0131ndan herhangi bir ad alt\u0131nda indirim yap\u0131lmas\u0131 kanunen m\u00fcmk\u00fcn de\u011fil.<\/p>\r\n\r\n\r\n\r\n<p>Ancak dikkat edilmesi gereken \u00f6nemli bir ayr\u0131nt\u0131 var: Konaklama hizmeti hen\u00fcz sunulmam\u0131\u015fsa, yani hizmet \u00f6ncesinde bir fatura d\u00fczenlenmi\u015fse, bu belgede Konaklama Vergisi yer alamaz. Konaklama Vergisi, yaln\u0131zca hizmetin misafire fiilen sunuldu\u011fu tarihte do\u011far ve o tarihler i\u00e7in d\u00fczenlenen belgede g\u00f6sterilir.<\/p>\r\n\r\n\r\n\r\n<h4 class=\"wp-block-heading\">Konaklama Vergisi belge d\u00fczeni 5 gecelik bir konaklama ve ek hizmetler i\u00e7in a\u015fa\u011f\u0131daki gibi olabilir:<\/h4>\r\n\r\n\r\n\r\n<figure class=\"wp-block-table\"><table class=\"has-fixed-layout\"><tbody><tr><td><strong>Kalem<\/strong><\/td><td><strong>Tutar<\/strong><\/td><\/tr><tr><td>5 gece konaklama bedeli (KDV hari\u00e7)<\/td><td>10.000 TL<\/td><\/tr><tr><td>SPA hizmeti (geceleme ile birlikte sat\u0131ld\u0131)<\/td><td>2.000 TL<\/td><\/tr><tr><td>Ak\u015fam yeme\u011fi paketi (geceleme ile birlikte sat\u0131ld\u0131)<\/td><td>1.500 TL<\/td><\/tr><tr><td><strong>Toplam matrah (KDV hari\u00e7)<\/strong><\/td><td>13.500 TL<\/td><\/tr><tr><td>Konaklama Vergisi (%2)<\/td><td>270 TL<\/td><\/tr><tr><td>KDV matrah\u0131<\/td><td>13.500 TL<\/td><\/tr><tr><td>KDV tutar\u0131 (%8)<\/td><td>1.080 TL<\/td><\/tr><tr><td><strong>Genel toplam<\/strong><\/td><td><strong>14.850 TL<\/strong><\/td><\/tr><\/tbody><\/table><\/figure>\r\n\r\n\r\n\r\n<h4 class=\"wp-block-heading\"><strong>A\u00e7\u0131klama:<\/strong><\/h4>\r\n\r\n\r\n\r\n<ul class=\"wp-block-list\">\r\n<li>Misafir tesiste 5 gece konaklam\u0131\u015f ve bu s\u00fcre boyunca SPA ve ak\u015fam yeme\u011fi hizmetleri alm\u0131\u015f.<br><\/li>\r\n\r\n\r\n\r\n<li>Bu hizmetler konaklama ile birlikte sat\u0131ld\u0131\u011f\u0131 ve tesis b\u00fcnyesinde sunuldu\u011fu i\u00e7in Konaklama Vergisi kapsam\u0131na dahil olur.<br><\/li>\r\n\r\n\r\n\r\n<li>Konaklama Vergisi, yaln\u0131zca KDV hari\u00e7 toplam hizmet bedeli (13.500 TL) \u00fczerinden %2 oran\u0131nda (270 TL) hesaplan\u0131r.<br><\/li>\r\n\r\n\r\n\r\n<li>KDV yine ayn\u0131 matrah \u00fczerinden %8 olarak hesaplanm\u0131\u015f ve ayr\u0131ca g\u00f6sterilmi\u015ftir.<\/li>\r\n<\/ul>\r\n\r\n\r\n\r\n<h3 class=\"wp-block-heading\"><strong>6- Konaklama Vergisi Uygulamas\u0131 Ne Zaman Ba\u015flayacak?<\/strong><\/h3>\r\n\r\n\r\n\r\n<p>Konaklama Vergisi 1\/1\/2023 tarihinde y\u00fcr\u00fcrl\u00fc\u011fe girdi. Kanun hakk\u0131nda daha fazla bilgi edinmek i\u00e7in <a href=\"https:\/\/www.resmigazete.gov.tr\/eskiler\/2022\/12\/20221214-6.htm\" target=\"_blank\" rel=\"noopener\"><strong>Konaklama Vergisi UYGULAMA GENEL TEBL\u0130\u011e\u0130<\/strong><\/a> sayfas\u0131n\u0131 ziyaret edebilirsiniz.<\/p>\r\n\r\n\r\n\r\n<p>Konaklama Vergisi\u2019nin do\u011fru bir \u015fekilde hesaplanmas\u0131 ve faturaland\u0131r\u0131lmas\u0131, <a href=\"https:\/\/www.protel.com.tr\/otel-yonetim-cozumleri\/\">otel yaz\u0131l\u0131m\u0131 <\/a>(PMS) arac\u0131l\u0131\u011f\u0131yla kolayca yap\u0131labilir. Otel yaz\u0131l\u0131mlar\u0131, bu vergiyi otomatik olarak rezervasyon s\u00fcre\u00e7lerine entegre eder, b\u00f6ylece oteller vergi uyumunu sa\u011flarken manuel hatalar\u0131 en aza indirir ve operasyonel verimliliklerini art\u0131rabilirler. Ayr\u0131ca oteliniz i\u00e7in en uygun y\u00f6netim program\u0131n\u0131 se\u00e7meye yard\u0131mc\u0131 olacak ipu\u00e7lar\u0131 i\u00e7in \u201c<a href=\"https:\/\/www.protel.com.tr\/blog\/en-uygun-otel-programi-nasil-secilir\/\">Otel Program\u0131 Nas\u0131l Se\u00e7ilir?<\/a>\u201d yaz\u0131m\u0131z\u0131 inceleyebilirsiniz.<\/p>\r\n\r\n\r\n\r\n<h2 class=\"wp-block-heading\"><strong>Konaklama Vergisi\u2019nin Genel \u00d6zellikleri&nbsp;<\/strong><\/h2>\r\n\r\n\r\n\r\n<ul class=\"wp-block-list\">\r\n<li><strong>Konusu<\/strong>: Vergi, otel, pansiyon, tatil k\u00f6y\u00fc, apart otel, kamping, da\u011f ve yayla evi gibi konaklama tesislerinde sunulan geceleme hizmeti ve bu hizmetle birlikte verilen yeme, i\u00e7me, e\u011flence, spor, havuz, termal alan kullan\u0131m\u0131 gibi servisleri kapsar.<br><\/li>\r\n\r\n\r\n\r\n<li><strong>Oran\u0131<\/strong>: Konaklama Vergisi oran\u0131 <strong>%2<\/strong>\u2019dir. Bu oran, <strong>KDV hari\u00e7 konaklama bedeli <\/strong>\u00fczerinden uygulan\u0131r.<br><\/li>\r\n\r\n\r\n\r\n<li><strong>Vergiyi do\u011furan olay<\/strong>: Vergi, hizmetin fiilen sunulmas\u0131yla do\u011far. Bedelin ne zaman al\u0131nd\u0131\u011f\u0131 \u00f6nemli de\u011fildir; \u00f6nceden ya da sonradan tahsil edilmesi ya da hi\u00e7 tahsil edilmemesi verginin do\u011fmas\u0131na engel olmaz.<br><\/li>\r\n\r\n\r\n\r\n<li><strong>Belge d\u00fczeni<\/strong>: Vergi, fatura ve benzeri belgelerde ayr\u0131 bir sat\u0131rda g\u00f6sterilmelidir. Ancak hizmet hen\u00fcz sunulmam\u0131\u015fsa, Konaklama Vergisi al\u0131nmaz, d\u00fczenlenen fatura ve benzeri belgede de yer almaz.<br><\/li>\r\n\r\n\r\n\r\n<li><strong>\u0130stisnalar<\/strong>: \u00d6\u011frenci yurtlar\u0131, pansiyon ve kamplar\u0131nda kalan \u00f6\u011frencilere verilen hizmetler ile diplomatik misyonlar ve belirli uluslararas\u0131 kurulu\u015flara sunulan konaklamalar bu vergiden muaft\u0131r.<br><\/li>\r\n\r\n\r\n\r\n<li><strong>M\u00fckellef<\/strong>: Konaklama Vergisi\u2019nin m\u00fckellefi, hizmeti sunan konaklama tesisi i\u015fletmecisidir.<br><\/li>\r\n\r\n\r\n\r\n<li><strong>Matrah<\/strong>: KDV hari\u00e7 olmak \u00fczere, hizmet kar\u015f\u0131l\u0131\u011f\u0131nda al\u0131nan bedel ile sa\u011flanan menfaat ve de\u011ferlerin toplam\u0131 matrah\u0131 olu\u015fturur. Yani, sadece do\u011frudan al\u0131nan para de\u011fil; konaklama hizmeti kar\u015f\u0131l\u0131\u011f\u0131nda elde edilen mal, hizmet, indirim kuponu, prim, vade fark\u0131, kur fark\u0131, faiz gibi para ile ifade edilebilen her t\u00fcrl\u00fc kazan\u00e7 da matraha dahil edilir.<br><\/li>\r\n\r\n\r\n\r\n<li><strong>Beyan ve \u00f6deme<\/strong>: Vergi, ayl\u0131k olarak beyan edilir ve takip eden ay\u0131n 26. g\u00fcn\u00fc, g\u00fcn bitimine kadar \u00f6denir. \u0130lgili ayda herhangi bir konaklama hizmeti sunulmam\u0131\u015f olsa bile, m\u00fckellefler beyannamelerini vermekle y\u00fck\u00fcml\u00fcd\u00fcr.<\/li>\r\n<\/ul>\r\n\r\n\r\n\r\n<h2 class=\"wp-block-heading\"><strong>Konaklama Vergisi\u2019nin Hukuki Temeli ve Yasal D\u00fczenlemeleri<\/strong><\/h2>\r\n\r\n\r\n\r\n<p>Konaklama Vergisi\u2019nin hukuki temeli, 7194 say\u0131l\u0131 Kanun ile yap\u0131lan d\u00fczenlemeyle olu\u015fturuldu. Bu d\u00fczenleme, <a href=\"https:\/\/www.mevzuat.gov.tr\/mevzuatmetin\/1.3.6802.pdf\" target=\"_blank\" rel=\"noopener\">6802 say\u0131l\u0131 Gider Vergileri Kanunu\u2019nun 34. maddesi<\/a> kapsam\u0131nda yer al\u0131yor.<\/p>\r\n\r\n\r\n\r\n<p>Verginin uygulanmas\u0131na ili\u015fkin usul ve esaslar ise 14 Aral\u0131k 2022 tarihli Resm\u00ee Gazete\u2019de yay\u0131mlanan Konaklama Vergisi Uygulama Genel Tebli\u011fi ile a\u00e7\u0131kland\u0131. Bu yasal \u00e7er\u00e7eve do\u011frultusunda, Konaklama Vergisi 1 Ocak 2023 tarihi itibar\u0131yla y\u00fcr\u00fcrl\u00fc\u011fe girmi\u015f oldu.<\/p>\r\n\r\n\r\n\r\n<h2 class=\"wp-block-heading\"><strong>T\u00fcrkiye&#8217;deki Konaklama Vergisi D\u00fczenlemeleri<\/strong><\/h2>\r\n\r\n\r\n\r\n<p>T\u00fcrkiye\u2019de Konaklama Vergisi, kamu maliyesine katk\u0131 sa\u011flamakla birlikte turizm faaliyetlerini daha sistemli ve \u015feffaf hale getirmeyi ama\u00e7layan bir d\u00fczenleme.&nbsp;<\/p>\r\n\r\n\r\n\r\n<p>Konaklama Vergisi\u2019nin T\u00fcrkiye\u2019deki bir di\u011fer \u00f6nemi noktas\u0131 ise yerli-yabanc\u0131 ayr\u0131m\u0131 yap\u0131lmaks\u0131z\u0131n bir tesisten konaklama hizmeti sat\u0131n alan t\u00fcm turistleri kaps\u0131yor olmas\u0131. Avrupa\u2019daki Paris, Roma, Barselona gibi turizm hacmi y\u00fcksek \u015fehirlerde de benzer konaklama vergileri uygulan\u0131r. Ancak T\u00fcrkiye\u2019deki uygulama, merkezi idare taraf\u0131ndan y\u00fcr\u00fct\u00fclen tek tip oran ve beyan sistemi ile di\u011fer \u00fclkelerden ayr\u0131l\u0131r.&nbsp;&nbsp;<\/p>\r\n\r\n\r\n\r\n<p>\u0130dari a\u00e7\u0131dan, vergi beyanlar\u0131 dijital sistemler \u00fczerinden yap\u0131l\u0131p, Gelir \u0130daresi Ba\u015fkanl\u0131\u011f\u0131\u2019n\u0131n kontrol mekanizmalar\u0131yla takip edilir. Bu da, otellerin hem mali hem dijital altyap\u0131s\u0131n\u0131 g\u00fc\u00e7lendirmesine neden olmakla birlikte, baz\u0131 k\u00fc\u00e7\u00fck i\u015fletmelerin s\u00fcrece uyum sa\u011flamas\u0131 i\u00e7in teknik destek ihtiya\u00e7lar\u0131n\u0131 da art\u0131r\u0131r.<\/p>\r\n\r\n\r\n\r\n<h2 class=\"wp-block-heading\"><strong>Uluslararas\u0131 Uygulamalar: Di\u011fer \u00dclkelerde Konaklama Vergisi<\/strong><\/h2>\r\n\r\n\r\n\r\n<p>Avrupa ve Amerika\u2019daki pek \u00e7ok turistik \u00fclkede Konaklama Vergisi yayg\u0131n olarak uygulanmaktad\u0131r.&nbsp;<\/p>\r\n\r\n\r\n\r\n<h3 class=\"wp-block-heading\"><strong>Avrupa Birli\u011fi \u00fclkelerinde Konaklama Vergisi miktarlar\u0131 (2023)<\/strong><\/h3>\r\n\r\n\r\n\r\n<figure class=\"wp-block-table\"><table class=\"has-fixed-layout\"><tbody><tr><td><strong>\u00dclke<\/strong><\/td><td><strong>Vergi Matrah\u0131<\/strong><\/td><td><strong>Vergi Miktar\u0131 veya Oran\u0131<\/strong><\/td><td><strong>Uygulamaya Dair \u00d6zellikler<\/strong><\/td><\/tr><tr><td><strong>Almanya<\/strong><\/td><td>Ki\u015fi ba\u015f\u0131na, gecelik veya oda fiyat\u0131na g\u00f6re<\/td><td>0,25 \u20ac &#8211; 7,00 \u20ac veya %5 &#8211; %7,5 (oda fiyat\u0131 \u00fczerinden)<\/td><td>\u015eehre g\u00f6re de\u011fi\u015fmektedir. KDV uygulan\u0131r. Baz\u0131 \u015fehirlerde vergiye kapl\u0131ca, ula\u015f\u0131m veya ilgi \u00e7ekici yerlere eri\u015fim d\u00e2hildir.<\/td><\/tr><tr><td><strong>Fransa<\/strong><\/td><td>Ki\u015fi ba\u015f\u0131na, gecelik<\/td><td>0,20 \u20ac &#8211; 4,30 \u20ac (ilave %10 belediye vergisi dahil)<\/td><td>Belediyeye g\u00f6re de\u011fi\u015fir. Ger\u00e7ek gecelemeye ya da kapasiteye g\u00f6re al\u0131n\u0131r. Turizmi te\u015fvik amac\u0131yla kullan\u0131lmas\u0131 \u00f6ng\u00f6r\u00fcl\u00fcr.<\/td><\/tr><tr><td><strong>\u0130spanya<\/strong><\/td><td>Ki\u015fi ba\u015f\u0131na, gecelik<\/td><td>0,45 \u20ac &#8211; 2,25 \u20ac<\/td><td>\u015eehir ve b\u00f6lgeye g\u00f6re de\u011fi\u015fir. En fazla 7 gece uygulan\u0131r.<\/td><\/tr><tr><td><strong>\u0130talya<\/strong><\/td><td>Ki\u015fi ba\u015f\u0131na, gecelik<\/td><td>7,00 \u20ac\u2019ya kadar<\/td><td>\u015eehre g\u00f6re de\u011fi\u015fiklik g\u00f6sterir.<\/td><\/tr><tr><td><strong>Yunanistan<\/strong><\/td><td>Oda ba\u015f\u0131na, gecelik<\/td><td>0,50 \u20ac &#8211; 4,00 \u20ac<\/td><td>Konaklama t\u00fcr\u00fcne g\u00f6re belirlenir.<\/td><\/tr><tr><td><strong>L\u00fcksemburg<\/strong><\/td><td>\u2014<\/td><td>Konaklama Vergisi uygulanmamaktad\u0131r<\/td><td>\u2014<\/td><\/tr><\/tbody><\/table><\/figure>\r\n\r\n\r\n\r\n<p>Tablodaki vergi tutarlar\u0131 \u00e7o\u011funlukla yeti\u015fkinler i\u00e7in ge\u00e7erli. Bir\u00e7ok \u00fclkede \u00e7ocuklar ve gen\u00e7ler i\u00e7in indirimli ya da muafiyetli uygulamalar mevcut.<\/p>\r\n\r\n\r\n\r\n<p><em>(D\u00fcnyadaki <\/em><em>g\u00fcncel<\/em><em> Konaklama Vergisi uygulamalar\u0131 hakk\u0131nda bilgi almak i\u00e7in ilgili \u015fehirlerin turizm uygulamalar\u0131 incelenebilir.<\/em>)<\/p>\r\n\r\n\r\n\r\n<h2 class=\"wp-block-heading\"><strong>Konaklama Vergisi Kimlerden Al\u0131n\u0131r?<\/strong><\/h2>\r\n\r\n\r\n\r\n<p>Konaklama Vergisine, t\u00fcr\u00fc, s\u0131n\u0131f\u0131 ya da i\u015fletme belgesi olup olmad\u0131\u011f\u0131na bak\u0131lmaks\u0131z\u0131n geceleme hizmeti sunan t\u00fcm tesisler tabidir. Tesisin turizm i\u015fletmesi belgesi bulunmas\u0131 ya da konaklaman\u0131n s\u00fcresi, bu kapsam\u0131 de\u011fi\u015ftirmiyor.&nbsp;<\/p>\r\n\r\n\r\n\r\n<p><a href=\"https:\/\/www.resmigazete.gov.tr\/eskiler\/2022\/12\/20221214-6.htm\" target=\"_blank\" rel=\"noopener\"><strong>Konaklama Vergisi UYGULAMA GENEL TEBL\u0130\u011e\u0130<\/strong><\/a><strong> <\/strong>uyar\u0131nca Konaklama Vergisine tabi olan tesisler \u015funlard\u0131r:<\/p>\r\n\r\n\r\n\r\n<ul class=\"wp-block-list\">\r\n<li>Otel<\/li>\r\n\r\n\r\n\r\n<li>Tatil k\u00f6y\u00fc<\/li>\r\n\r\n\r\n\r\n<li>Butik otel<\/li>\r\n\r\n\r\n\r\n<li>\u00d6zel konaklama tesisi<\/li>\r\n\r\n\r\n\r\n<li>Motel<\/li>\r\n\r\n\r\n\r\n<li>Pansiyon<\/li>\r\n\r\n\r\n\r\n<li>Apart otel<\/li>\r\n\r\n\r\n\r\n<li>Sa\u011fl\u0131kl\u0131 ya\u015fam tesisleri<\/li>\r\n\r\n\r\n\r\n<li>Termal oteller<\/li>\r\n\r\n\r\n\r\n<li>\u00c7iftlik evi<\/li>\r\n\r\n\r\n\r\n<li>K\u00f6y evi<\/li>\r\n\r\n\r\n\r\n<li>Yayla evi<\/li>\r\n\r\n\r\n\r\n<li>Da\u011f evi<\/li>\r\n\r\n\r\n\r\n<li>Kamp alan\u0131<\/li>\r\n\r\n\r\n\r\n<li>Konaklama ama\u00e7l\u0131 mesire yerleri<\/li>\r\n\r\n\r\n\r\n<li>Turizm kompleksleri<\/li>\r\n\r\n\r\n\r\n<li>Tatil ve e\u011flence merkezleri<\/li>\r\n\r\n\r\n\r\n<li>Personel e\u011fitim tesisleri<\/li>\r\n\r\n\r\n\r\n<li>Kamu veya \u00f6zel sekt\u00f6re ait misafirhaneler, konukevleri, dinlenme tesisleri ve kamplar (<em>lojman de\u011filse<\/em>)<\/li>\r\n\r\n\r\n\r\n<li>Uygulama otelleri (<em>ilgili mevzuata g\u00f6re i\u015fletilen<\/em>)<\/li>\r\n<\/ul>\r\n\r\n\r\n\r\n<h3 class=\"wp-block-heading\"><strong>Konaklama Vergisi\u2019ne Tabi Olmayan Tesisler ise:<\/strong><\/h3>\r\n\r\n\r\n\r\n<ul class=\"wp-block-list\">\r\n<li>Sosyal Hizmetler Kanunu kapsam\u0131nda faaliyet g\u00f6steren, korunmaya ve bak\u0131ma muhta\u00e7 ki\u015filere hizmet veren sosyal hizmet kurulu\u015flar\u0131n\u0131n sundu\u011fu geceleme hizmetleri<br><\/li>\r\n\r\n\r\n\r\n<li>Mola noktas\u0131 gibi yaln\u0131zca ge\u00e7ici duraklama sa\u011flayan, geceleme hizmeti sunmayan tesisler<\/li>\r\n<\/ul>\r\n\r\n\r\n\r\n<h2 class=\"wp-block-heading\"><strong>Oteller, Pansiyonlar ve Di\u011fer Konaklama Tesislerinde Vergi Uygulamas\u0131<\/strong><\/h2>\r\n\r\n\r\n\r\n<p>Oteller, pansiyonlar ve di\u011fer konaklama tesislerinde vergi uygulamas\u0131, bu tesislerde sunulan hizmetler \u00fczerinden %8 oran\u0131nda Katma De\u011fer Vergisi (KDV) ile birlikte, 1 Ocak 2023 itibariyle y\u00fcr\u00fcrl\u00fc\u011fe giren d\u00fczenleme kapsam\u0131nda %2 oran\u0131nda otel Konaklama Vergisi al\u0131nmas\u0131d\u0131r.<\/p>\r\n\r\n\r\n\r\n<h2 class=\"wp-block-heading\"><strong>Konaklama Vergisi ve Turizm Sekt\u00f6r\u00fcne Etkisi<\/strong><\/h2>\r\n\r\n\r\n\r\n<p>Konaklama Vergisi, otel ve benzeri i\u015fletmelerin maliyetlerini art\u0131raca\u011f\u0131 ve bu durumun fiyat rekabetinde dezavantaj yaratabilece\u011fi endi\u015feleriyle y\u00fcr\u00fcrl\u00fc\u011fe girdi. Uygulaman\u0131n ilk zamanlar\u0131nda \u00f6zellikle fiyat rekabetinin yo\u011fun oldu\u011fu b\u00f6lgelerde, i\u015fletmelerin fiyat politikalar\u0131n\u0131 yeniden g\u00f6zden ge\u00e7irmelerine neden oldu. Ancak uzun vadede Konaklama Vergisi\u2019nin \u00fclke ekonomisine katk\u0131 sa\u011flamas\u0131 ve bu verginin T\u00fcrkiye gibi turizm hacmi y\u00fcksek bir\u00e7ok \u00fclkede halihaz\u0131rda uygulan\u0131yor olmas\u0131, sekt\u00f6rdeki tart\u0131\u015fma ve endi\u015feleri b\u00fcy\u00fck \u00f6l\u00e7\u00fcde azaltt\u0131.<\/p>\r\n\r\n\r\n\r\n<h2 class=\"wp-block-heading\"><strong>Konaklama Vergisi ve Turizm Sekt\u00f6r\u00fcne Katk\u0131lar\u0131<\/strong><\/h2>\r\n\r\n\r\n\r\n<figure class=\"wp-block-image size-large\"><img loading=\"lazy\" decoding=\"async\" width=\"1024\" height=\"569\" src=\"https:\/\/www.protel.com.tr\/blog\/wp-content\/uploads\/2020\/02\/konaklama_vergisi_turizm_sektorune_katkisi-1024x569.webp\" alt=\"\" class=\"wp-image-32420\" srcset=\"https:\/\/www.protel.com.tr\/blog\/wp-content\/uploads\/2020\/02\/konaklama_vergisi_turizm_sektorune_katkisi-1024x569.webp 1024w, https:\/\/www.protel.com.tr\/blog\/wp-content\/uploads\/2020\/02\/konaklama_vergisi_turizm_sektorune_katkisi-300x167.webp 300w, https:\/\/www.protel.com.tr\/blog\/wp-content\/uploads\/2020\/02\/konaklama_vergisi_turizm_sektorune_katkisi-768x427.webp 768w, https:\/\/www.protel.com.tr\/blog\/wp-content\/uploads\/2020\/02\/konaklama_vergisi_turizm_sektorune_katkisi-696x387.webp 696w, https:\/\/www.protel.com.tr\/blog\/wp-content\/uploads\/2020\/02\/konaklama_vergisi_turizm_sektorune_katkisi-1068x593.webp 1068w, https:\/\/www.protel.com.tr\/blog\/wp-content\/uploads\/2020\/02\/konaklama_vergisi_turizm_sektorune_katkisi-756x420.webp 756w, https:\/\/www.protel.com.tr\/blog\/wp-content\/uploads\/2020\/02\/konaklama_vergisi_turizm_sektorune_katkisi.webp 1350w\" sizes=\"auto, (max-width: 1024px) 100vw, 1024px\" \/><\/figure>\r\n\r\n\r\n\r\n<p>&nbsp;<strong>1.<\/strong> Konaklama Vergisi, do\u011frudan turizm faaliyetlerinden elde edilen kamu gelirini art\u0131r\u0131r ve bu vergilerle \u00fclkenin altyap\u0131 \u00e7al\u0131\u015fmalar\u0131, \u00e7evre d\u00fczenlemeleri, tan\u0131t\u0131m faaliyetleri gibi turizmi dolayl\u0131 yoldan destekleyen alanlar g\u00fc\u00e7lendirilebilir.<\/p>\r\n\r\n\r\n\r\n<p><strong>2.<\/strong> Bu vergi d\u00fczenlemesi, konaklama tesislerinin gelirlerinin beyan edilmesini zorunlu hale getirdi\u011fi i\u00e7in kay\u0131t d\u0131\u015f\u0131 i\u015fletmeler ve i\u015flemlerin \u00f6n\u00fcne ge\u00e7ilebilir.<\/p>\r\n\r\n\r\n\r\n<p><strong>3. <\/strong>\u0130\u015fletmelerin daha \u015feffaf bir \u015fekilde faaliyet g\u00f6stermesi, sekt\u00f6rde kalite ve g\u00fcvenin g\u00fc\u00e7lenmesine yard\u0131mc\u0131 olur.&nbsp;<\/p>\r\n\r\n\r\n\r\n<p><strong>4<\/strong>. Kay\u0131t alt\u0131na al\u0131nan i\u015fletmelerin hizmetleri daha kolay kontrol edilir ve standartlara uyumu sa\u011flan\u0131r. \u0130stenmeyen durumlar ortadan kald\u0131r\u0131l\u0131r.<\/p>\r\n\r\n\r\n\r\n<p><strong>5.<\/strong> Konaklama Vergisi, Avrupa\u2019daki pek \u00e7ok turizm destinasyonunda zaten uyguland\u0131\u011f\u0131 i\u00e7in T\u00fcrkiye uluslararas\u0131 vergi ve denetim politikalar\u0131yla uyumlu hale gelir, s\u00fcrd\u00fcr\u00fclebilir turizm hedeflerine katk\u0131 sa\u011flar.<\/p>\r\n\r\n\r\n\r\n<p><strong>6.<\/strong> \u0130\u015fletmeler fiyat politikalar\u0131n\u0131 g\u00f6zden ge\u00e7irip iyile\u015ftirirler.&nbsp;<\/p>\r\n\r\n\r\n\r\n<h2 class=\"wp-block-heading\"><strong>Konaklama Vergisi \u00d6demeleri ve \u0130\u015flem S\u00fcre\u00e7leri<\/strong><\/h2>\r\n\r\n\r\n\r\n<p>Konaklama Vergisi\u2019nde vergilendirme d\u00f6nemi, takvim y\u0131l\u0131n\u0131n birer ayl\u0131k d\u00f6nemleridir ve her ay i\u00e7in ayr\u0131 ayr\u0131 beyan edilir. Vergi, ilgili ay\u0131 takip eden ay\u0131n 26. g\u00fcn\u00fc ak\u015fam\u0131na kadar elektronik ortamda beyan edilir ve ayn\u0131 s\u00fcre i\u00e7inde \u00f6denir.<\/p>\r\n\r\n\r\n\r\n<ul class=\"wp-block-list\">\r\n<li>KDV m\u00fckellefleri, ba\u011fl\u0131 bulunduklar\u0131 vergi dairesine<\/li>\r\n\r\n\r\n\r\n<li>KDV m\u00fckellefi olmayanlar ise tesisin bulundu\u011fu yerdeki vergi dairesine beyanname verir.<\/li>\r\n<\/ul>\r\n\r\n\r\n\r\n<p>Vergilendirme d\u00f6neminde vergiye tabi herhangi bir i\u015flem olmasa bile, Konaklama Vergisi m\u00fckelleflerinin her ay beyanname vermesi zorunludur.<strong> <\/strong>E\u011fer beyanname yanl\u0131\u015f veya fazla vergiyle doldurulmu\u015fsa s\u00fcre\u00e7, <a href=\"https:\/\/www.resmigazete.gov.tr\/eskiler\/2013\/10\/20131010-7.htm\" target=\"_blank\" rel=\"noopener\"><strong>429 S\u0131ra No.lu Vergi Usul Kanunu Genel Tebli\u011fi<\/strong><\/a> h\u00fck\u00fcmlerine g\u00f6re y\u00fcr\u00fct\u00fcl\u00fcr.<\/p>\r\n\r\n\r\n\r\n<h2 class=\"wp-block-heading\"><strong>Konaklama Vergisi Uygulamalar\u0131ndaki De\u011fi\u015fiklikler ve Gelecek Trendleri<\/strong><\/h2>\r\n\r\n\r\n\r\n<ul class=\"wp-block-list\">\r\n<li>Vergi beyanlar\u0131n\u0131n h\u00e2lihaz\u0131rda elektronik ortamda yap\u0131lmas\u0131, gelecek y\u0131llarda Konaklama Vergisi\u2019nin tam entegre e-fatura, e-ar\u015fiv ve dijital POS sistemleriyle otomatik entegre \u015fekilde i\u015flenmesini g\u00fcndeme getirebilir.<\/li>\r\n\r\n\r\n\r\n<li>\u015eu anda T\u00fcrkiye\u2019de %2 olarak sabit uygulanan oran, gelecekte konaklama tesisinin t\u00fcr\u00fcne, niteli\u011fine ya da b\u00f6lgesel konumuna g\u00f6re farkl\u0131la\u015ft\u0131r\u0131labilir.<\/li>\r\n\r\n\r\n\r\n<li>Turizm sezonunun d\u0131\u015f\u0131nda kalan d\u00f6nem ve ziyaret\u00e7ilerin az oldu\u011fu b\u00f6lgelerde turizmi canland\u0131rmak amac\u0131yla Konaklama Vergisi\u2019nden muafiyet ya da indirimli uygulamalar tart\u0131\u015fmaya a\u00e7\u0131labilir.<\/li>\r\n\r\n\r\n\r\n<li>Konaklama Vergisi\u2019nden elde edilen gelirlerin bir k\u0131sm\u0131n\u0131n do\u011frudan s\u00fcrd\u00fcr\u00fclebilir turizm projelerine veya \u00e7evre koruma fonlar\u0131na aktar\u0131lmas\u0131 planlanabilir.<\/li>\r\n\r\n\r\n\r\n<li>Vergi tutarlar\u0131n\u0131n otel fiyatland\u0131rmalar\u0131nda do\u011frudan belirtilmesi veya faturalarda ayr\u0131 bir kalem olarak \u015feffaf bir \u015fekilde g\u00f6sterilmesi, hem yerli ve yabanc\u0131 misafirlerin g\u00fcvenini art\u0131rabilir hem de bu uygulaman\u0131n bilin\u00e7li t\u00fcketim fark\u0131ndal\u0131\u011f\u0131n\u0131 art\u0131rabilir.<\/li>\r\n<\/ul>\r\n\r\n\r\n\r\n<h2 class=\"wp-block-heading\"><strong>Konaklama Vergisi Hangi Durumlarda \u0130ptal Edilebilir veya \u0130ndirimli Uygulanabilir?<\/strong><\/h2>\r\n\r\n\r\n\r\n<p>Kanuna g\u00f6re Konaklama Vergisi baz\u0131 istisnai durumlarda uygulanmaz:<\/p>\r\n\r\n\r\n\r\n<ul class=\"wp-block-list\">\r\n<li>\u00d6\u011frenci yurtlar\u0131, pansiyonlar\u0131 ve kamplar\u0131nda \u00f6\u011frencilere sunulan hizmetler Konaklama Vergisi\u2019nden istisnad\u0131r.<\/li>\r\n\r\n\r\n\r\n<li>Kar\u015f\u0131l\u0131kl\u0131l\u0131k esas\u0131 \u00e7er\u00e7evesinde, T\u00fcrkiye\u2019de bulunan yabanc\u0131 devletlerin:<\/li>\r\n<\/ul>\r\n\r\n\r\n\r\n<p>Diplomatik temsilcilikleri,&nbsp;<\/p>\r\n\r\n\r\n\r\n<p>Konsolosluklar\u0131,&nbsp;<\/p>\r\n\r\n\r\n\r\n<p>Diplomatik haklara sahip mensuplar\u0131,&nbsp;<\/p>\r\n\r\n\r\n\r\n<p>Uluslararas\u0131 anla\u015fmalarla vergi muafiyeti tan\u0131nan kurulu\u015flar ve personelleri<br>Konaklama Vergisi\u2019nden muaft\u0131r.<\/p>\r\n\r\n\r\n\r\n<ul class=\"wp-block-list\">\r\n<li>Sosyal Hizmetler Kanunu kapsam\u0131ndaki kurulu\u015flar taraf\u0131ndan korunmaya, bak\u0131ma ve yard\u0131ma muhta\u00e7 ki\u015filere verilen geceleme hizmetleri Konaklama Vergisine tabi de\u011fildir.&nbsp;<\/li>\r\n<\/ul>\r\n\r\n\r\n\r\n<p>Konaklama Vergisi Nedir, Nas\u0131l Hesaplan\u0131r? ba\u015fl\u0131kl\u0131 yaz\u0131m\u0131z Nisan 2025 tarihinde <a href=\"https:\/\/www.turmob.org.tr\/dokumanlar\/download\/1b26fb59-8add-444c-837d-adc4d64aca10\" target=\"_blank\" rel=\"noopener\">Konaklama Vergisi Rehberi<\/a>\u2019nden yararlan\u0131larak haz\u0131rland\u0131. Konuyla ilgili daha fazla bilgi almak i\u00e7in <a href=\"https:\/\/www.gib.gov.tr\/\" target=\"_blank\" rel=\"noopener\">G\u0130B<\/a> ve <a href=\"https:\/\/www.resmigazete.gov.tr\/\" target=\"_blank\" rel=\"noopener\">Resmi Gazete<\/a>\u2019yi ziyaret edebilirsiniz.&nbsp;<\/p>\r\n","protected":false},"excerpt":{"rendered":"<p>Ocak 2023\u2019ten bu yana y\u00fcr\u00fcrl\u00fckte olan Konaklama Vergisi, T\u00fcrkiye\u2019de geceleme hizmeti sunan t\u00fcm tesisler i\u00e7in yeni bir vergisel d\u00fczeni beraberinde getirdi. Konaklama Vergisi Nedir, Nas\u0131l Hesaplan\u0131r? ba\u015fl\u0131kl\u0131 yaz\u0131m\u0131zda, \u00f6zellikle otel, pansiyon, apart otel, kamp alan\u0131 ve tatil k\u00f6y\u00fc gibi pek \u00e7ok konaklama t\u00fcr\u00fcn\u00fc kapsayan bu verginin kapsam\u0131, uygulama \u015fekli ve otelcilik sekt\u00f6r\u00fcne etkilerine detayl\u0131 bir [&hellip;]<\/p>\n","protected":false},"author":16,"featured_media":32422,"comment_status":"open","ping_status":"closed","sticky":false,"template":"","format":"standard","meta":{"footnotes":""},"categories":[16,298],"tags":[],"class_list":["post-30706","post","type-post","status-publish","format-standard","hentry","category-otel","category-yasal-sureclermevzuat-otel"],"_links":{"self":[{"href":"https:\/\/www.protel.com.tr\/blog\/wp-json\/wp\/v2\/posts\/30706","targetHints":{"allow":["GET"]}}],"collection":[{"href":"https:\/\/www.protel.com.tr\/blog\/wp-json\/wp\/v2\/posts"}],"about":[{"href":"https:\/\/www.protel.com.tr\/blog\/wp-json\/wp\/v2\/types\/post"}],"author":[{"embeddable":true,"href":"https:\/\/www.protel.com.tr\/blog\/wp-json\/wp\/v2\/users\/16"}],"replies":[{"embeddable":true,"href":"https:\/\/www.protel.com.tr\/blog\/wp-json\/wp\/v2\/comments?post=30706"}],"version-history":[{"count":12,"href":"https:\/\/www.protel.com.tr\/blog\/wp-json\/wp\/v2\/posts\/30706\/revisions"}],"predecessor-version":[{"id":32906,"href":"https:\/\/www.protel.com.tr\/blog\/wp-json\/wp\/v2\/posts\/30706\/revisions\/32906"}],"wp:featuredmedia":[{"embeddable":true,"href":"https:\/\/www.protel.com.tr\/blog\/wp-json\/wp\/v2\/media\/32422"}],"wp:attachment":[{"href":"https:\/\/www.protel.com.tr\/blog\/wp-json\/wp\/v2\/media?parent=30706"}],"wp:term":[{"taxonomy":"category","embeddable":true,"href":"https:\/\/www.protel.com.tr\/blog\/wp-json\/wp\/v2\/categories?post=30706"},{"taxonomy":"post_tag","embeddable":true,"href":"https:\/\/www.protel.com.tr\/blog\/wp-json\/wp\/v2\/tags?post=30706"}],"curies":[{"name":"wp","href":"https:\/\/api.w.org\/{rel}","templated":true}]}}