{"id":29354,"date":"2018-01-24T10:55:16","date_gmt":"2018-01-24T07:55:16","guid":{"rendered":"https:\/\/www.protel.com.tr\/?p=29354\/"},"modified":"2025-10-06T16:11:34","modified_gmt":"2025-10-06T13:11:34","slug":"e-irsaliyeyle-ilgili-sik-sorulan-sorular","status":"publish","type":"post","link":"https:\/\/www.protel.com.tr\/blog\/e-irsaliyeyle-ilgili-sik-sorulan-sorular\/","title":{"rendered":"E-\u0130rsaliyeyle \u0130lgili S\u0131k Sorulan Sorular"},"content":{"rendered":"<div class=\"wpb-content-wrapper\"><p>[vc_row][vc_column][vc_column_text css=&#8221;&#8221;]<\/p>\r\n<h3 id=\"e-irsaliye-nedir\" class=\"wp-block-heading\">E-irsaliye nedir ?<\/h3>\r\n<!-- \/wp:post-content -->\r\n<p><!-- wp:paragraph -->H\u00e2lihaz\u0131rda k\u00e2\u011f\u0131t ortamda d\u00fczenlenmekte olan \u201csevk irsaliyesi\u201d belgesi yerine elektronik ortamda d\u00fczenlenmi\u015f, al\u0131c\u0131s\u0131na elektronik ortamda iletilen ve elektronik ortamda muhafaza edilen bir elektronik belgedir.<\/p>\r\n<!-- \/wp:paragraph -->\r\n<p>&nbsp;<\/p>\r\n<!-- wp:heading {\"level\":3} -->\r\n<h3 id=\"e-irsaliye-tasima-irsaliyesi-yerine-gecer-mi\" class=\"wp-block-heading\">E-irsaliye, ta\u015f\u0131ma irsaliyesi yerine ge\u00e7er mi?<\/h3>\r\n<!-- \/wp:heading -->\r\n<p><!-- wp:paragraph -->Hay\u0131r. E-irsaliye ta\u015f\u0131ma irsaliyesi niteli\u011fi ta\u015f\u0131maz.<\/p>\r\n<!-- \/wp:paragraph -->\r\n<p>&nbsp;<\/p>\r\n<!-- wp:heading {\"level\":3} -->\r\n<h3 id=\"e-irsaliye-uygulamasindan-yararlanma-yontemleri-nelerdir\" class=\"wp-block-heading\">E-irsaliye uygulamas\u0131ndan yararlanma y\u00f6ntemleri nelerdir?<\/h3>\r\n<!-- \/wp:heading -->\r\n<p><!-- wp:paragraph -->M\u00fckellefler, e-irsaliye uygulamas\u0131ndan<br \/>Kendi bilgi i\u015flem sistemlerinin G\u0130B sistemlerine b\u00fct\u00fcnle\u015fmesi yoluyla;<br \/>www.efatura.gov.tr internet adresinde hizmete sunulan G\u0130B Portal\u0131 arac\u0131l\u0131\u011f\u0131yla,<br \/>B\u0130G&#8217;den izin alm\u0131\u015f \u00f6zel entegrat\u00f6rlerin bilgi i\u015flem sistemleri arac\u0131l\u0131\u011f\u0131yla yararlanabileceklerdir.<\/p>\r\n<!-- \/wp:paragraph -->\r\n<p>&nbsp;<\/p>\r\n<!-- wp:heading {\"level\":3} -->\r\n<h3 id=\"e-fatura-uygulamasindan-yararlanan-mukellefler-hangi-e-irsaliye-yontemini-sececek\" class=\"wp-block-heading\">E-fatura uygulamas\u0131ndan yararlanan m\u00fckellefler hangi e-irsaliye y\u00f6ntemini se\u00e7ecek?<\/h3>\r\n<!-- \/wp:heading -->\r\n<p><!-- wp:paragraph -->H\u00e2lihaz\u0131rda e-fatura uygulamas\u0131nda d\u00e2hil olan m\u00fckellefler, e-fatura uygulamas\u0131nda yararlanmakta olduklar\u0131 y\u00f6ntemle e-irsaliyeye ge\u00e7i\u015f yapabilecektir. E-faturada kullan\u0131lan y\u00f6ntem d\u0131\u015f\u0131nda farkl\u0131 bir y\u00f6ntem kullan\u0131lamayacakt\u0131r.<\/p>\r\n<!-- \/wp:paragraph -->\r\n<p>&nbsp;<\/p>\r\n<!-- wp:heading {\"level\":3} -->\r\n<h3 id=\"uygulamadan-kimler-yararlanabilir\" class=\"wp-block-heading\">Uygulamadan kimler yararlanabilir ?<\/h3>\r\n<!-- \/wp:heading -->\r\n<p><!-- wp:paragraph -->E-irsaliye uygulamas\u0131 zorunlu bir uygulama olmay\u0131p, e-fatura uygulamas\u0131ndan yararlanma iznine sahip olan m\u00fckellefler, istemeleri halinde 01.01.2018 tarihinden itibaren uygulamadan faydalanabilirler.<\/p>\r\n<!-- \/wp:paragraph -->\r\n<p>&nbsp;<\/p>\r\n<!-- wp:heading -->\r\n<h2 id=\"e-donusum-ve-ozel-entegratorluk-hizmetleriyle-ilgili-uzmanlarimizdan-bilgi-almak-istemez-misiniz-tiklayin-size-ulasalim\" class=\"wp-block-heading\"><span style=\"color: #3366ff;\"><strong><a href=\"https:\/\/www.protel.com.tr\/bize-ulasin\/?utm_source=protel-blog-makale&amp;utm_medium=e-irsaliyeyle-ilgili-sik-sorulan-sorular#form\" target=\"_blank\" rel=\"noopener noreferrer\">E-d\u00f6n\u00fc\u015f\u00fcm ve \u00f6zel entegrat\u00f6rl\u00fck hizmetleriyle ilgili, uzmanlar\u0131m\u0131zdan bilgi almak istemez misiniz? T\u0131klay\u0131n, size ula\u015fal\u0131m.<\/a><\/strong><\/span><\/h2>\r\n<!-- \/wp:heading -->\r\n<p>&nbsp;<\/p>\r\n<!-- wp:heading {\"level\":3} -->\r\n<h3 id=\"e-irsaliye-uygulamasiyla-ilgili-zorunluluklar-nelerdir\" class=\"wp-block-heading\">E-irsaliye uygulamas\u0131yla ilgili zorunluluklar nelerdir?<\/h3>\r\n<!-- \/wp:heading -->\r\n<p><!-- wp:paragraph -->E-irsaliyenin, mal\u0131n fiil\u00ee sevkinden \u00f6nce d\u00fczenlenmesi ve G\u0130B sistemlerine ba\u015far\u0131l\u0131 bi\u00e7imde iletilmesi, mal\u0131n sevki i\u00e7in yeterlidir.<br \/>Mal\u0131n fiil\u00ee sevki s\u0131ras\u0131nda ara\u00e7 i\u00e7inde de e-irsaliyenin bir k\u00e2\u011f\u0131t \u00e7\u0131kt\u0131s\u0131n\u0131n bulunmas\u0131 ya da elektronik olarak g\u00f6r\u00fcnt\u00fclenmesinin sa\u011flanmas\u0131 zorunlu olup, \u00e7\u0131kt\u0131 \u00fczerinde \u0131slak imza ya da ka\u015fe bulunmas\u0131 zorunlu de\u011fildir.<br \/>S\u00f6z konusu k\u00e2\u011f\u0131t \u00e7\u0131kt\u0131n\u0131n, al\u0131c\u0131ya verilmesi zorunlu olmad\u0131\u011f\u0131 gibi mallar\u0131n al\u0131c\u0131ya tesliminden sonra al\u0131c\u0131 taraf\u0131ndan muhafaza veya ibraz zorunlulu\u011fu da bulunmamaktad\u0131r. E-irsaliyenin d\u00fczenlenmesinden \u00f6nce e-fatura d\u00fczenlenmi\u015fse e-irsaliye \u00fczerinde, ilgili e-fatura tarihinin ve belge numaras\u0131n\u0131n bulunmas\u0131 zorunludur.<br \/>E-irsaliyelerde karekoda veya barkoda belge \u00fczerinde yer verilmesi zorunludur.<br \/>E-irsaliye uygulamas\u0131ndan yararlanan m\u00fckellefler, e-irsaliye uygulamas\u0131na kay\u0131tl\u0131 olmayan m\u00fckelleflere k\u00e2\u011f\u0131t irsaliye d\u00fczenlemeye devam edeceklerdir.<\/p>\r\n<!-- \/wp:paragraph -->\r\n<p>&nbsp;<\/p>\r\n<!-- wp:heading {\"level\":3} -->\r\n<h3 id=\"e-irsaliyede-bulunmasi-zorunlu-bilgiler-nelerdir\" class=\"wp-block-heading\">E-irsaliyede bulunmas\u0131 zorunlu bilgiler nelerdir?<\/h3>\r\n<!-- \/wp:heading -->\r\n<p><!-- wp:paragraph -->E-irsaliyenin d\u00fczenlenme tarihi ve belge numaras\u0131; e-irsaliyeyi d\u00fczenleyenin ad\u0131, ticaret unvan\u0131, adresi, vergi dairesi ve hesap numaras\u0131. M\u00fc\u015fterinin ad\u0131, ticaret \u00fcnvan\u0131, varsa vergi dairesi ve hesap numaras\u0131, i\u015fyeri adresi ve i\u015fyeri adresinden farkl\u0131 olmas\u0131 h\u00e2linde, teslimat adresi. Ta\u015f\u0131nan mal\u0131n cinsi, miktar\u0131, fiil\u00ee sevk tarihi ile saat ve dakika olarak fiil\u00ee sevk zaman\u0131.<br \/>M\u00fckellefler, e-irsaliye \u00fczerindeki zorunlu bilgilere ilave olarak, ihtiya\u00e7lar\u0131 do\u011frultusunda farkl\u0131 bilgilere de yer verebilecektir.<\/p>\r\n<!-- \/wp:paragraph -->\r\n<p>&nbsp;<\/p>\r\n<!-- wp:heading {\"level\":3} -->\r\n<h3 id=\"e-irsaliye-uygulamasina-gecisle-beraber-mukellefler-ayri-islemler-icin-hem-e-irsaliye-hem-de-kagit-irsaliye-duzenleyebilecekler-mi\" class=\"wp-block-heading\">E-irsaliye uygulamas\u0131na ge\u00e7i\u015fle beraber m\u00fckellefler, ayr\u0131 i\u015flemler i\u00e7in hem e-irsaliye hem de k\u00e2\u011f\u0131t irsaliye d\u00fczenleyebilecekler mi?<\/h3>\r\n<!-- \/wp:heading -->\r\n<p><!-- wp:paragraph -->Tebli\u011fe konu elektronik belge uygulamalar\u0131na d\u00e2hil olan m\u00fckellefler, uygulamaya d\u00e2hil olduklar\u0131 tarihi izleyen \u00fc\u00e7\u00fcnc\u00fc ay\u0131n sonuna kadar s\u00f6z konusu belgeleri k\u00e2\u011f\u0131t olarak da d\u00fczenleyebilirler. Ancak ayn\u0131 i\u015flem i\u00e7in elektronik belge veya k\u00e2\u011f\u0131t ortamdaki belgelerinden sadece birinin d\u00fczenlenmesi gerekmektedir. Elektronik belge uygulamalar\u0131na d\u00e2hil olunan tarihi izleyen \u00fc\u00e7\u00fcnc\u00fc ay\u0131n sonundan sonra, belgelerin elektronik belge olarak d\u00fczenlenmesi zorunlu olup, k\u00e2\u011f\u0131t ortamda belge d\u00fczenlenmesi h\u00e2linde 213 say\u0131l\u0131 Vergi Usul Kanununda yaz\u0131l\u0131 cezalar tatbik edilecektir.<\/p>\r\n<!-- \/wp:paragraph -->\r\n<p>&nbsp;<\/p>\r\n<!-- wp:heading {\"level\":3} -->\r\n<h3 id=\"e-fatura-kullanicisiyim-ama-irsaliye-duzenleme-zorunlulugum-yok-yine-de-e-irsaliye-uygulamasina-gecmek-zorunda-miyim\" class=\"wp-block-heading\">E-fatura kullan\u0131c\u0131s\u0131y\u0131m; ama irsaliye d\u00fczenleme zorunlulu\u011fum yok. Yine de e-irsaliye uygulamas\u0131na ge\u00e7mek zorunda m\u0131y\u0131m?<\/h3>\r\n<!-- \/wp:heading -->\r\n<p><!-- wp:paragraph -->E-irsaliye uygulamas\u0131na ge\u00e7i\u015f zorunlulu olmamakla beraber, e-irsaliye d\u00fczenlemiyor olsan\u0131z bile, taraf\u0131n\u0131za kesilen e-irsaliye belgelerini alabilmek i\u00e7in e-irsaliye uygulamas\u0131na isterseniz d\u00e2hil olabilirsiniz.<\/p>\r\n<!-- \/wp:paragraph -->\r\n<p>&nbsp;<\/p>\r\n<!-- wp:heading {\"level\":3} -->\r\n<h3 id=\"e-irsaliye-belge-numarasinin-formati-nedir\" class=\"wp-block-heading\">E-irsaliye belge numaras\u0131n\u0131n format\u0131 nedir?<\/h3>\r\n<!-- \/wp:heading -->\r\n<p><!-- wp:paragraph -->3 haneli birim kodu ve 13 haneli s\u0131ra numaras\u0131ndan olu\u015fan belge numaras\u0131 kullan\u0131l\u0131r. Birim kodu serbest\u00e7e belirlenebilir.<\/p>\r\n<!-- \/wp:paragraph -->\r\n<p>&nbsp;<\/p>\r\n<!-- wp:heading {\"level\":3} -->\r\n<h3 id=\"malin-fiili-sevki-icin-alicisina-basarili-sekilde-iletilmesi-zorunlu-mudur\" class=\"wp-block-heading\">Mal\u0131n fiil\u00ee sevki i\u00e7in, al\u0131c\u0131s\u0131na ba\u015far\u0131l\u0131 \u015fekilde iletilmesi zorunlu mudur?<\/h3>\r\n<!-- \/wp:heading -->\r\n<p><!-- wp:paragraph -->E-irsaliyenin, mal\u0131n fiil\u00ee sevkinden \u00f6nce d\u00fczenlenmesi ve G\u0130B sistemlerine ba\u015far\u0131l\u0131 olarak iletilmesi, mal\u0131n fiil\u00ee sevki i\u00e7in yeterlidir. E-irsaliye belgenizin G\u0130B durum kodu \u201c1200, 1220 veya 1300\u201d ise fiil\u00ee sevkiyata ba\u015flanabilir.<br \/>Bununla birlikte; d\u00fczenlenen e-irsaliyenin G\u0130B sistemleri \u00fczerinden al\u0131c\u0131s\u0131na ba\u015far\u0131l\u0131 \u015fekilde iletilmesi gerekmektedir.<\/p>\r\n<!-- \/wp:paragraph -->\r\n<p>&nbsp;<\/p>\r\n<!-- wp:heading {\"level\":3} -->\r\n<h3 id=\"e-irsaliye-uygulamasina-gectigimde-e-faturanin-kagit-ciktisi-irsaliye-olarak-kullanilabilecek-mi\" class=\"wp-block-heading\">E-irsaliye uygulamas\u0131na ge\u00e7ti\u011fimde e-faturan\u0131n k\u00e2\u011f\u0131t \u00e7\u0131kt\u0131s\u0131 irsaliye olarak kullan\u0131labilecek mi?<\/h3>\r\n<!-- \/wp:heading -->\r\n<p><!-- wp:paragraph -->433 S\u0131ra No.&#8217;lu Vergi Usul Kanunu Genel Tebli\u011fi\u2019nin 15. maddesinde belirtilen uygulamadan (e-faturan\u0131n k\u00e2\u011f\u0131t \u00e7\u0131kt\u0131s\u0131n\u0131n irsaliye yerine ge\u00e7en belge olarak kabul edilmesi uygulamas\u0131) yararlan\u0131lmas\u0131 m\u00fcmk\u00fcn olacakt\u0131r.<\/p>\r\n<!-- \/wp:paragraph -->\r\n<p>&nbsp;<\/p>\r\n<!-- wp:heading -->\r\n<h2 id=\"e-donusum-ve-ozel-entegratorluk-hizmetleriyle-ilgili-uzmanlarimizdan-bilgi-almak-istemez-misiniz-tiklayin-size-ulasalim-1\" class=\"wp-block-heading\"><a href=\"https:\/\/www.protel.com.tr\/bize-ulasin\/?utm_source=protel-blog-makale&amp;utm_medium=e-irsaliyeyle-ilgili-sik-sorulan-sorular#form\" target=\"_blank\" rel=\"noopener noreferrer\">E-d\u00f6n\u00fc\u015f\u00fcm ve \u00f6zel entegrat\u00f6rl\u00fck hizmetleriyle ilgili, uzmanlar\u0131m\u0131zdan bilgi almak istemez misiniz? T\u0131klay\u0131n, size ula\u015fal\u0131m.<\/a><\/h2>\r\n<!-- \/wp:heading -->\r\n<p>&nbsp;<\/p>\r\n<!-- wp:heading {\"level\":3} -->\r\n<h3 id=\"muhtelif-musteriler-adina-duzenlenen-irsaliyeler-e-irsaliye-kapsaminda-olacak-mi\" class=\"wp-block-heading\">Muhtelif m\u00fc\u015fteriler ad\u0131na d\u00fczenlenen irsaliyeler, e-irsaliye kapsam\u0131nda olacak m\u0131?<\/h3>\r\n<!-- \/wp:heading -->\r\n<p><!-- wp:paragraph -->Al\u0131c\u0131s\u0131n\u0131n hen\u00fcz belli olmad\u0131\u011f\u0131 ve mal\u0131n fiil\u00ee sevki s\u0131ras\u0131nda muhtelif m\u00fc\u015fteriler ad\u0131na d\u00fczenlenen irsaliyeler ka\u011f\u0131t ortamda d\u00fczenlenecektir. Mal\u0131n as\u0131l muhatab\u0131na teslimi s\u0131ras\u0131nda e-irsaliye d\u00fczenlenmesi gerekmektedir.<\/p>\r\n<!-- \/wp:paragraph -->\r\n<p>&nbsp;<\/p>\r\n<!-- wp:heading {\"level\":3} -->\r\n<h3 id=\"son-kullaniciya-duzenlenen-irsaliyeler-e-irsaliye-kapsaminda-olacak-mi\" class=\"wp-block-heading\">Son kullan\u0131c\u0131ya d\u00fczenlenen irsaliyeler, e-irsaliye kapsam\u0131nda olacak m\u0131?<\/h3>\r\n<!-- \/wp:heading -->\r\n<p><!-- wp:paragraph -->E-irsaliye uygulamas\u0131na kay\u0131tl\u0131 olmayan son kullan\u0131c\u0131ya k\u00e2\u011f\u0131t irsaliye d\u00fczenlemeye devam edilecektir.<\/p>\r\n<!-- \/wp:paragraph -->\r\n<p>&nbsp;<\/p>\r\n<!-- wp:heading {\"level\":3} -->\r\n<h3 id=\"sevkiyat-sirasinda-arac-icinde-e-irsaliye-belgesinin-kagit-ciktisinin-bulunmasi-zorunlu-mudur\" class=\"wp-block-heading\">Sevkiyat s\u0131ras\u0131nda ara\u00e7 i\u00e7inde e-irsaliye belgesinin k\u00e2\u011f\u0131t \u00e7\u0131kt\u0131s\u0131n\u0131n bulunmas\u0131 zorunlu mudur?<\/h3>\r\n<!-- \/wp:heading -->\r\n<p><!-- wp:paragraph -->Mal\u0131n fiil\u00ee sevki s\u0131ras\u0131nda ara\u00e7 i\u00e7inde e-irsaliyenin k\u00e2\u011f\u0131t \u00e7\u0131kt\u0131s\u0131n\u0131n bulundurulmas\u0131 ya da elektronik olarak g\u00f6r\u00fcnt\u00fclenmesinin sa\u011flanmas\u0131 zorunludur.<\/p>\r\n<!-- \/wp:paragraph -->\r\n<p>&nbsp;<\/p>\r\n<!-- wp:heading {\"level\":3} -->\r\n<h3 id=\"e-irsaliye-belgesinde-sofor-plaka-vb-alanlar-zorunlu-mu\" class=\"wp-block-heading\">E-irsaliye belgesinde \u015fof\u00f6r, plaka ,vb. alanlar zorunlu mu?<\/h3>\r\n<!-- \/wp:heading -->\r\n<p><!-- wp:paragraph -->Ara\u00e7, dorse \u015fasi numaras\u0131, plaka, \u015fof\u00f6r bilgisi k\u0131s\u0131mlar\u0131n\u0131 doldurmak tercihe ba\u011fl\u0131d\u0131r.<\/p>\r\n<!-- \/wp:paragraph -->\r\n<p>&nbsp;<\/p>\r\n<!-- wp:heading {\"level\":3} -->\r\n<h3 id=\"e-irsaliyede-yol-denetimi-nasil-olacak\" class=\"wp-block-heading\">E-irsaliye\u2019de yol denetimi nas\u0131l olacak?<\/h3>\r\n<!-- \/wp:heading -->\r\n<p><!-- wp:paragraph -->Denetim memurlar\u0131, ellerinde bulunan tabletlerle, belge \u00fczerinde yer verilmesi zorunlu karekod veya barkod bilgisini okutarak, e-irsaliyenin bilgilerine eri\u015febilecekler.<\/p>\r\n<!-- \/wp:paragraph -->\r\n<p>&nbsp;<\/p>\r\n<!-- wp:heading {\"level\":3} -->\r\n<h3 id=\"e-irsaliye-de-kabul-ret-sureci-nasil-olacak\" class=\"wp-block-heading\">E-irsaliye\u2019 de kabul\/ret s\u00fcreci nas\u0131l olacak?<\/h3>\r\n<!-- \/wp:heading -->\r\n<p>&nbsp;<\/p>\r\n<!-- wp:list -->\r\n<ul class=\"wp-block-list\">\r\n<li style=\"list-style-type: none;\">\r\n<ul class=\"wp-block-list\"><!-- wp:list-item -->\r\n<li>Kendisine e-irsaliye d\u00fczenlenen m\u00fckellefler isterlerse e-irsaliye belgesine konu olan mallara ili\u015fkin olarak:<\/li>\r\n<!-- \/wp:list-item -->\r\n\r\n<!-- wp:list-item -->\r\n<li>Ne kadarl\u0131k k\u0131sm\u0131n\u0131n teslim al\u0131nd\u0131\u011f\u0131n\u0131\/kabul edildi\u011fini;<\/li>\r\n<!-- \/wp:list-item -->\r\n\r\n<!-- wp:list-item -->\r\n<li>Teslim al\u0131nmayan veya reddedilen mal miktar\u0131n\u0131 ve nedenini;<\/li>\r\n<!-- \/wp:list-item -->\r\n\r\n<!-- wp:list-item -->\r\n<li>Eksik\/fazla mal miktar\u0131n\u0131<\/li>\r\n<\/ul>\r\n<\/li>\r\n<\/ul>\r\n<!-- \/wp:list-item --><!-- \/wp:list -->\r\n<p><!-- wp:paragraph -->uygulama \u00fczerinden, e-irsaliye yan\u0131t\u0131yla, e-irsaliye d\u00fczenleyene iletebilir.<\/p>\r\n<!-- \/wp:paragraph -->\r\n<p>&nbsp;<\/p>\r\n<!-- wp:heading {\"level\":3} -->\r\n<h3 id=\"gelen-irsaliye-icin-birden-fazla-yanit-olusturulabilir-mi\" class=\"wp-block-heading\">Gelen irsaliye i\u00e7in birden fazla yan\u0131t olu\u015fturulabilir mi?<\/h3>\r\n<!-- \/wp:heading -->\r\n<p><!-- wp:paragraph -->Bir e-irsaliye i\u00e7in bir yan\u0131t olu\u015fturabilir.<\/p>\r\n<!-- \/wp:paragraph -->\r\n<p>&nbsp;<\/p>\r\n<!-- wp:heading {\"level\":3} -->\r\n<h3 id=\"gelen-e-irsaliye-belgesi-icin-irsaliye-yaniti-olusturmasi-zorunlu-mu\" class=\"wp-block-heading\">Gelen e-irsaliye belgesi i\u00e7in irsaliye yan\u0131t\u0131 olu\u015fturmas\u0131 zorunlu mu?<\/h3>\r\n<!-- \/wp:heading -->\r\n<p><!-- wp:paragraph -->Hay\u0131r. Kendisine e-irsaliye d\u00fczenlenen m\u00fckellefler, isterlerse irsaliye yan\u0131t\u0131 d\u00fczenleyebilir.<\/p>\r\n<!-- \/wp:paragraph -->\r\n<p>&nbsp;<\/p>\r\n<!-- wp:heading -->\r\n<h2 id=\"e-donusum-ve-ozel-entegratorluk-hizmetleriyle-ilgili-uzmanlarimizdan-bilgi-almak-istemez-misiniz-tiklayin-size-ulasalim-2\" class=\"wp-block-heading\"><a href=\"https:\/\/www.protel.com.tr\/bize-ulasin\/?utm_source=protel-blog-makale&amp;utm_medium=e-irsaliyeyle-ilgili-sik-sorulan-sorular#form\" target=\"_blank\" rel=\"noopener noreferrer\">E-d\u00f6n\u00fc\u015f\u00fcm ve \u00f6zel entegrat\u00f6rl\u00fck hizmetleriyle ilgili, uzmanlar\u0131m\u0131zdan bilgi almak istemez misiniz? T\u0131klay\u0131n, size ula\u015fal\u0131m.<\/a><\/h2>\r\n<!-- \/wp:heading -->\r\n<p>&nbsp;<\/p>\r\n<!-- wp:heading {\"level\":3} -->\r\n<h3 id=\"e-irsaliyenin-hatali-vergi-kimlik-numarasina-gonderilmesi-durumunda-izlenecek-yol-nedir\" class=\"wp-block-heading\">E-irsaliyenin, hatal\u0131 vergi kimlik numaras\u0131na g\u00f6nderilmesi durumunda izlenecek yol nedir?<\/h3>\r\n<!-- \/wp:heading -->\r\n<p><!-- wp:paragraph -->E-irsaliyenin al\u0131c\u0131s\u0131n\u0131n ya da i\u00e7eri\u011findeki mallar\u0131n tamam\u0131n\u0131n hatal\u0131 olmas\u0131 h\u00e2linde, al\u0131c\u0131s\u0131 taraf\u0131ndan e-irsaliye yan\u0131t\u0131 ile reddedilmesi m\u00fcmk\u00fcnd\u00fcr. Ancak ret i\u015fleminin, mal\u0131n fiil\u00ee sevkinden \u00f6nce yap\u0131lmas\u0131 gerekmektedir. Mal\u0131n fiil\u00ee sevkinden sonra g\u00f6nderilecek ret yan\u0131tlar\u0131 h\u00fck\u00fcms\u00fcz olup, bu durumda mal\u0131 ta\u015f\u0131yan\/ta\u015f\u0131tt\u0131ran taraf\u0131ndan yeni bir e-irsaliye d\u00fczenlenmesi gerekmektedir.<\/p>\r\n<!-- \/wp:paragraph -->\r\n<p>&nbsp;<\/p>\r\n<!-- wp:heading {\"level\":3} -->\r\n<h3 id=\"irsaliye-yaniti-iade-islemlerinde-duzenlenen-irsaliyenin-yerine-kullanilabilir-mi\" class=\"wp-block-heading\">\u0130rsaliye Yan\u0131t\u0131, iade i\u015flemlerinde d\u00fczenlenen irsaliyenin yerine kullan\u0131labilir mi?<\/h3>\r\n<!-- \/wp:heading -->\r\n<p><!-- wp:paragraph -->Hay\u0131r. E-irsaliye yan\u0131t\u0131, iade i\u015flemi i\u00e7in d\u00fczenlenecek olan sevk e-irsaliyesinin yerine ge\u00e7mez. \u0130ade i\u015flemlerinde ayr\u0131ca e-irsaliye d\u00fczenlenmelidir.<\/p>\r\n<!-- \/wp:paragraph -->\r\n<p>&nbsp;<\/p>\r\n<!-- wp:heading {\"level\":3} -->\r\n<h3 id=\"irsaliye-yaniti-icin-sure-kisitlamasi-var-mi\" class=\"wp-block-heading\">\u0130rsaliye yan\u0131t\u0131 i\u00e7in s\u00fcre k\u0131s\u0131tlamas\u0131 var m\u0131?<\/h3>\r\n<!-- \/wp:heading -->\r\n<p><!-- wp:paragraph -->487 No.lu V.U.K. Genel Tebli\u011fi ve teknkik k\u0131lavuzda irsaliye yan\u0131t\u0131n\u0131n verilmesi i\u00e7in bir s\u00fcre k\u0131s\u0131tlamas\u0131 belirtilmemi\u015ftir.<\/p>\r\n<!-- \/wp:paragraph -->\r\n<p>&nbsp;<\/p>\r\n<!-- wp:heading -->\r\n<h2 id=\"e-donusum-ve-ozel-entegratorluk-hizmetleriyle-ilgili-uzmanlarimizdan-bilgi-almak-istemez-misiniz-tiklayin-size-ulasalim-3\" class=\"wp-block-heading\"><a href=\"https:\/\/www.protel.com.tr\/bize-ulasin\/?utm_source=protel-blog-makale&amp;utm_medium=e-irsaliyeyle-ilgili-sik-sorulan-sorular#form\" target=\"_blank\" rel=\"noopener noreferrer\">E-d\u00f6n\u00fc\u015f\u00fcm ve \u00f6zel entegrat\u00f6rl\u00fck hizmetleriyle ilgili, uzmanlar\u0131m\u0131zdan bilgi almak istemez misiniz? T\u0131klay\u0131n, size ula\u015fal\u0131m.<\/a><\/h2>\r\n<!-- \/wp:heading -->\r\n<p>&nbsp;<\/p>\r\n<p>[\/vc_column_text][\/vc_column][\/vc_row]<\/p><\/div>","protected":false},"excerpt":{"rendered":"<p>[vc_row][vc_column][vc_column_text css=&#8221;&#8221;] E-irsaliye nedir ? H\u00e2lihaz\u0131rda k\u00e2\u011f\u0131t ortamda d\u00fczenlenmekte olan \u201csevk irsaliyesi\u201d belgesi yerine elektronik ortamda d\u00fczenlenmi\u015f, al\u0131c\u0131s\u0131na elektronik ortamda iletilen ve elektronik ortamda muhafaza edilen bir elektronik belgedir. &nbsp; E-irsaliye, ta\u015f\u0131ma irsaliyesi yerine ge\u00e7er mi? Hay\u0131r. E-irsaliye ta\u015f\u0131ma irsaliyesi niteli\u011fi ta\u015f\u0131maz. &nbsp; E-irsaliye uygulamas\u0131ndan yararlanma y\u00f6ntemleri nelerdir? M\u00fckellefler, e-irsaliye uygulamas\u0131ndanKendi bilgi i\u015flem sistemlerinin G\u0130B [&hellip;]<\/p>\n","protected":false},"author":4,"featured_media":32604,"comment_status":"open","ping_status":"closed","sticky":false,"template":"","format":"standard","meta":{"footnotes":""},"categories":[16,1,47,297,298,306],"tags":[],"class_list":["post-29354","post","type-post","status-publish","format-standard","hentry","category-otel","category-genel","category-restoranyonetimi","category-yasal-sureclermevzuat","category-yasal-sureclermevzuat-otel","category-yasal-sureclermevzuat-genel"],"_links":{"self":[{"href":"https:\/\/www.protel.com.tr\/blog\/wp-json\/wp\/v2\/posts\/29354","targetHints":{"allow":["GET"]}}],"collection":[{"href":"https:\/\/www.protel.com.tr\/blog\/wp-json\/wp\/v2\/posts"}],"about":[{"href":"https:\/\/www.protel.com.tr\/blog\/wp-json\/wp\/v2\/types\/post"}],"author":[{"embeddable":true,"href":"https:\/\/www.protel.com.tr\/blog\/wp-json\/wp\/v2\/users\/4"}],"replies":[{"embeddable":true,"href":"https:\/\/www.protel.com.tr\/blog\/wp-json\/wp\/v2\/comments?post=29354"}],"version-history":[{"count":6,"href":"https:\/\/www.protel.com.tr\/blog\/wp-json\/wp\/v2\/posts\/29354\/revisions"}],"predecessor-version":[{"id":32963,"href":"https:\/\/www.protel.com.tr\/blog\/wp-json\/wp\/v2\/posts\/29354\/revisions\/32963"}],"wp:featuredmedia":[{"embeddable":true,"href":"https:\/\/www.protel.com.tr\/blog\/wp-json\/wp\/v2\/media\/32604"}],"wp:attachment":[{"href":"https:\/\/www.protel.com.tr\/blog\/wp-json\/wp\/v2\/media?parent=29354"}],"wp:term":[{"taxonomy":"category","embeddable":true,"href":"https:\/\/www.protel.com.tr\/blog\/wp-json\/wp\/v2\/categories?post=29354"},{"taxonomy":"post_tag","embeddable":true,"href":"https:\/\/www.protel.com.tr\/blog\/wp-json\/wp\/v2\/tags?post=29354"}],"curies":[{"name":"wp","href":"https:\/\/api.w.org\/{rel}","templated":true}]}}