{"id":29121,"date":"2016-12-20T12:01:40","date_gmt":"2016-12-20T09:01:40","guid":{"rendered":"https:\/\/www.protel.com.tr\/?p=29121\/"},"modified":"2025-07-23T11:59:52","modified_gmt":"2025-07-23T08:59:52","slug":"e-fatura-dikkat-edilmesi-gerekenler","status":"publish","type":"post","link":"https:\/\/www.protel.com.tr\/blog\/e-fatura-dikkat-edilmesi-gerekenler\/","title":{"rendered":"E-Fatura Uygulamas\u0131nda Dikkat Edilmesi Gerekenler: E-Fatura Hakk\u0131nda Ka\u00e7\u0131r\u0131lmamas\u0131 Gereken \u00d6nemli Detaylar"},"content":{"rendered":"\n<p>Dijitalle\u015fmenin h\u0131z kazanmas\u0131yla birlikte, ka\u011f\u0131t faturalardan elektronik faturalara ge\u00e7i\u015f hem i\u015fletmeler hem de bireyler i\u00e7in b\u00fcy\u00fck \u00f6nem ta\u015f\u0131yor. Peki, e-Fatura nedir ve e-Faturaya nas\u0131l giri\u015f yap\u0131l\u0131r? Kimler e-Faturaya ge\u00e7mek zorunda? 2025 y\u0131l\u0131nda kapsama dahil edilecek yeni i\u015fletme gruplar\u0131 neler? E-Fatura uygulamas\u0131nda dikkat edilmesi gerekenler makalemizde, e-Fatura hakk\u0131nda merak edilen temel sorulara yan\u0131tlar\u0131 derledik. Bu rehber, e-Fatura s\u00fcrecinde kar\u015f\u0131la\u015fabilece\u011finiz sorulara yan\u0131t vererek s\u00fcreci daha iyi y\u00f6netmenize yard\u0131mc\u0131 olacak.<\/p>\n\n\n\n<p>Gelir \u0130daresi Ba\u015fkanl\u0131\u011f\u0131 (G\u0130B), e-Fatura uygulamas\u0131n\u0131n kapsam\u0131n\u0131 zamanla geni\u015fleterek daha fazla m\u00fckellefi bu sisteme dahil etti. En son d\u00fczenlemelere g\u00f6re, 2023 hesap d\u00f6nemi br\u00fct sat\u0131\u015f has\u0131lat\u0131 3 milyon TL ve \u00fczeri olan m\u00fckelleflerin, 1 Temmuz 2024 tarihine kadar e-Fatura uygulamas\u0131na ge\u00e7meleri zorunlu k\u0131l\u0131yor.<\/p>\n\n\n\n<p>Ayr\u0131ca, e-Ticaret, gayrimenkul ve motorlu ta\u015f\u0131t al\u0131m-sat\u0131m sekt\u00f6rlerinde faaliyet g\u00f6steren ve 2023 y\u0131l\u0131 br\u00fct sat\u0131\u015f has\u0131lat\u0131 500 bin TL ve \u00fczeri olan m\u00fckelleflerin de ayn\u0131 tarihe kadar e-Fatura sistemine ge\u00e7meleri gerekiyor.<\/p>\n\n\n\n<p>Bunun yan\u0131 s\u0131ra, K\u00fclt\u00fcr ve Turizm Bakanl\u0131\u011f\u0131 veya belediyelerden yat\u0131r\u0131m ya da i\u015fletme belgesi alarak konaklama hizmeti sunan i\u015fletmeler i\u00e7in herhangi bir ciro s\u0131n\u0131r\u0131 olmaks\u0131z\u0131n e-Fatura ve e-Defter uygulamalar\u0131na ge\u00e7i\u015f zorunlulu\u011fu bulunuyor.<\/p>\n\n\n\n<p><strong>E-Fatura Nedir?<\/strong><\/p>\n\n\n\n<p>E-Fatura, ka\u011f\u0131t fatura ile ayn\u0131 hukuki niteliklere sahip, elektronik ortamda haz\u0131rlanan ve g\u00f6nderilen bir belge t\u00fcr\u00fcd\u00fcr. Vergi Usul Kanunu kapsam\u0131nda d\u00fczenlenmi\u015f olan bu sistem, fatura s\u00fcre\u00e7lerinin dijitalle\u015ftirilmesi amac\u0131yla geli\u015ftirilmi\u015ftir. Gelir \u0130daresi Ba\u015fkanl\u0131\u011f\u0131 (G\u0130B) taraf\u0131ndan y\u00f6netilen e-Fatura sistemi, ka\u011f\u0131t fatura kullan\u0131m\u0131na son vererek, i\u015flemleri daha h\u0131zl\u0131, g\u00fcvenilir ve \u00e7evre dostu hale getirir.&nbsp;<\/p>\n\n\n\n<p>Konu hakk\u0131nda daha fazla bilgi almak i\u00e7in <a href=\"https:\/\/www.protel.com.tr\/blog\/e-fatura-nedir-nasil-calisir\/\">E-Fatura Nedir,<\/a> Nas\u0131l \u00c7al\u0131\u015f\u0131r, Avantajlar\u0131 Nelerdir? sayfam\u0131z\u0131 ziyaret edebilirsiniz.&nbsp;<\/p>\n\n\n\n<p>Elektronik fatura (e-Fatura) uygulamas\u0131na ili\u015fkin d\u00fczenlemeler, Gelir \u0130daresi Ba\u015fkanl\u0131\u011f\u0131 (G\u0130B) taraf\u0131ndan yay\u0131mlanan tebli\u011fler ve duyurularla g\u00fcncellenmektedir. Bu kapsamda, e-Fatura uygulamas\u0131na kay\u0131tl\u0131 m\u00fckelleflerin birbirlerine d\u00fczenleyecekleri faturalar ve bu faturalar\u0131n muhafaza ile ibraz y\u00fck\u00fcml\u00fcl\u00fckleri konusunda g\u00fcncel durum a\u015fa\u011f\u0131daki gibidir:<\/p>\n\n\n\n<p><strong>Kar\u015f\u0131l\u0131kl\u0131 e-Fatura D\u00fczenleme Zorunlulu\u011fu:<\/strong><\/p>\n\n\n\n<p>421 S\u0131ra Numaral\u0131 Vergi Usul Kanunu Genel Tebli\u011fi ile 397 S\u0131ra Numaral\u0131 Tebli\u011f uyar\u0131nca, e-Fatura uygulamas\u0131na kay\u0131tl\u0131 m\u00fckelleflerin, birbirlerine yapt\u0131klar\u0131 mal ve hizmet teslimleri i\u00e7in faturalar\u0131 elektronik ortamda d\u00fczenlemeleri ve almalar\u0131 zorunludur. Bu d\u00fczenleme, 01.04.2014 tarihinden itibaren y\u00fcr\u00fcrl\u00fcktedir. Dolay\u0131s\u0131yla, e-Fatura sistemine kay\u0131tl\u0131 m\u00fckelleflerin, birbirlerine ka\u011f\u0131t fatura d\u00fczenlemeleri m\u00fcmk\u00fcn de\u011fildir. E\u011fer e-Fatura d\u00fczenleme zorunlulu\u011fu bulunan bir m\u00fckellef, ba\u015fka bir e-Fatura m\u00fckellefine ka\u011f\u0131t fatura d\u00fczenlerse, bu fatura vergi mevzuat\u0131 a\u00e7\u0131s\u0131ndan hi\u00e7 d\u00fczenlenmemi\u015f say\u0131l\u0131r. Bu nedenle, e-Fatura m\u00fckelleflerinin, birbirlerine d\u00fczenleyecekleri faturalar\u0131 mutlaka elektronik ortamda g\u00f6ndermeleri ve almalar\u0131 gerekmektedir.<\/p>\n\n\n\n<p><strong>Muhafaza ve \u0130braz Y\u00fck\u00fcml\u00fcl\u00fc\u011f\u00fc:<\/strong><\/p>\n\n\n\n<p>213 Say\u0131l\u0131 Vergi Usul Kanunu ve 6102 Say\u0131l\u0131 T\u00fcrk Ticaret Kanunu&#8217;nun ilgili h\u00fck\u00fcmleri gere\u011fince, m\u00fckellefler, d\u00fczenledikleri ve adlar\u0131na d\u00fczenlenen faturalar\u0131 yasal s\u00fcreler boyunca muhafaza etmek ve talep edildi\u011finde ibraz etmekle y\u00fck\u00fcml\u00fcd\u00fcrler. e-Faturalar\u0131n veri b\u00fct\u00fcnl\u00fc\u011f\u00fc ve kayna\u011f\u0131n\u0131n inkar edilemezli\u011fi, mali m\u00fch\u00fcr ile sa\u011flanmaktad\u0131r. Mali m\u00fch\u00fcr\u00fcn do\u011frulu\u011fu ve ge\u00e7erlili\u011fi sadece elektronik ortamda kontrol edilebildi\u011finden, e-Faturalar\u0131n ka\u011f\u0131da bas\u0131larak saklanmas\u0131 uygun de\u011fildir. Bu nedenle, m\u00fckellefler, d\u00fczenledikleri ve ald\u0131klar\u0131 e-Faturalar\u0131, \u00fczerlerindeki mali m\u00fchr\u00fc de i\u00e7erecek \u015fekilde, kanuni s\u00fcreler dahilinde kendi elektronik, manyetik veya optik ortamlar\u0131nda muhafaza etmeli ve istendi\u011finde bu ortamlarda ibraz etmelidirler.<\/p>\n\n\n\n<p><strong>G\u00fcncel D\u00fczenlemeler:<\/strong><\/p>\n\n\n\n<p>G\u0130B, e-Fatura uygulamas\u0131n\u0131n kapsam\u0131n\u0131 geni\u015fletmekte ve yeni d\u00fczenlemeler getirmektedir. \u00d6rne\u011fin, 22 Ocak 2022 tarihli ve 31727 say\u0131l\u0131 Resmi Gazete&#8217;de yay\u0131mlanan 535 S\u0131ra No.lu Vergi Usul Kanunu Genel Tebli\u011fi ile e-Fatura ve e-Defter uygulamalar\u0131na ge\u00e7i\u015f zorunlulu\u011funa ili\u015fkin hadler g\u00fcncellenmi\u015ftir. Bu tebli\u011f ile br\u00fct sat\u0131\u015f has\u0131lat\u0131 belirli tutarlar\u0131 a\u015fan m\u00fckellefler i\u00e7in e-Fatura ve e-Defter uygulamalar\u0131na ge\u00e7i\u015f zorunlulu\u011fu getirilmi\u015ftir. Ayr\u0131ca, belirli sekt\u00f6rlerde faaliyet g\u00f6steren m\u00fckellefler i\u00e7in de e-Fatura uygulamas\u0131na ge\u00e7i\u015f zorunlulu\u011fu bulunmaktad\u0131r. Bu nedenle, m\u00fckelleflerin g\u00fcncel mevzuat\u0131 takip etmeleri ve y\u00fck\u00fcml\u00fcl\u00fcklerini zaman\u0131nda yerine getirmeleri \u00f6nem arz etmektedir.<\/p>\n\n\n\n<p>Sonu\u00e7 olarak, e-Fatura uygulamas\u0131na kay\u0131tl\u0131 m\u00fckelleflerin, birbirlerine yapt\u0131klar\u0131 mal ve hizmet teslimleri i\u00e7in faturalar\u0131 elektronik ortamda d\u00fczenlemeleri ve almalar\u0131 zorunludur. Ayr\u0131ca, bu faturalar\u0131n elektronik ortamda muhafaza edilmesi ve talep edildi\u011finde ibraz edilmesi gerekmektedir. G\u00fcncel d\u00fczenlemelerle birlikte, e-Fatura uygulamas\u0131n\u0131n kapsam\u0131 geni\u015flemekte ve daha fazla m\u00fckellef bu sisteme dahil olmaktad\u0131r. Bu nedenle, m\u00fckelleflerin mevzuat\u0131 yak\u0131ndan takip etmeleri ve y\u00fck\u00fcml\u00fcl\u00fcklerini yerine getirmeleri b\u00fcy\u00fck \u00f6nem ta\u015f\u0131maktad\u0131r.<\/p>\n\n\n\n<p><strong>E-Ar\u015fiv ve E-Faturan\u0131n Ar\u015fivlenmesi<\/strong><\/p>\n\n\n\n<p>Elektronik fatura uygulamas\u0131nda d\u00fczenlenen ve al\u0131nan faturalara ili\u015fkin olarak Gelir \u0130daresi Ba\u015fkanl\u0131\u011f\u0131 taraf\u0131ndan saklama hizmeti verilmemektedir. Portal \u00fczerinden d\u00fczenlenen ve al\u0131nan faturalar, m\u00fckellefler taraf\u0131ndan ar\u015fivlenerek kendi bilgi i\u015flem sistemlerinde veya Ba\u015fkanl\u0131\u011f\u0131m\u0131zdan saklama hizmeti konusunda yetki alm\u0131\u015f kurulu\u015flar\u0131n b\u00fcnyesinde saklanmal\u0131d\u0131r. Portalda bulunan ar\u015fivleme b\u00f6l\u00fcm\u00fc sadece gelen ve g\u00f6nderilen faturalar\u0131n pasife \u00e7ekilerek posta kutusunda ve g\u00f6nderilenler kutusunda yer alan fatura trafi\u011finin rahatlat\u0131lmas\u0131na y\u00f6nelik olarak haz\u0131rlanm\u0131\u015f bir ekran olup bu ekrandaki faturalar\u0131n kullan\u0131c\u0131 taraf\u0131ndan kendi bilgisayarlar\u0131na indirilerek, b\u00fcnyelerinde veya saklamac\u0131 kurulu\u015flar nezdinde muhafaza edilmesi gerekmektedir.<\/p>\n\n\n\n<p><strong>Temel ve Ticari Fatura Senaryosu \/ e-Faturan\u0131n Reddi<\/strong><\/p>\n\n\n\n<p>\u201cTemel fatura\u201d ile \u201cticari fatura\u201d aras\u0131nda sadece faturaya sistem \u00fczerinden itiraz imkan\u0131 a\u00e7\u0131s\u0131ndan farkl\u0131l\u0131k bulunmaktad\u0131r. Her iki fatura da sistemler taraf\u0131ndan al\u0131nmak zorundad\u0131r. Al\u0131nan ticari faturaya e-Fatura uygulamas\u0131 \u00fczerinden Red veya Kabul mesaj\u0131 g\u00f6nderilmesi imkan\u0131 vard\u0131r. Temel faturaya itiraz ise e-Fatura uygulamas\u0131 \u00fczerinden de\u011fil harici yollarla yap\u0131labilmektedir.<\/p>\n\n\n\n<p><br>e-Fatura uygulamas\u0131na kay\u0131tl\u0131 kullan\u0131c\u0131lar, uygulama kapsam\u0131nda, uygulamadan yararlanma<br>y\u00f6ntemine ve g\u00f6nderilen e-Faturan\u0131n senaryo tipine (temel\/ticari) bak\u0131lmaks\u0131z\u0131n, gelen e-Faturalar\u0131 almaktan imtina edemezler ve Ba\u015fkanl\u0131\u011f\u0131n yay\u0131mlad\u0131\u011f\u0131 \u015fema\/\u015fematron kontrolleri ile imza do\u011frulamas\u0131 hatas\u0131 d\u0131\u015f\u0131nda reddedemezler. Entegrasyon ve \u00f6zel entegrat\u00f6r y\u00f6ntemini kullanan m\u00fckellefler, Ba\u015fkanl\u0131\u011f\u0131n belirledi\u011fi \u015fema ve \u015fematron d\u0131\u015f\u0131nda kurallar belirleyemez ve kullanamazlar. Aksi y\u00f6nde hareket eden entegrat\u00f6r ve \u00f6zel entegrat\u00f6rlerin, entegrasyon izinleri Ba\u015fkanl\u0131k taraf\u0131ndan iptal edilebilir. e-Fatura uygulamas\u0131na kay\u0131tl\u0131 kullan\u0131c\u0131lar\u0131n, e-Faturalara itiraz y\u00f6ntemleri teknik k\u0131lavuzlarda d\u00fczenlenmi\u015f olup, temel fatura kapsam\u0131nda d\u00fczenlenen faturalara m\u00fckellefler, mevzuat h\u00fck\u00fcmleri \u00e7er\u00e7evesinde muhasebe kay\u0131tlar\u0131na al\u0131p iade faturas\u0131 d\u00fczenleyerek ya da muhasebe kay\u0131tlar\u0131na almadan harici yollar ile sistem d\u0131\u015f\u0131ndan itiraz edebilirler. Ticari fatura senaryosu kapsam\u0131nda d\u00fczenlenen faturalarda ise uygulama yan\u0131t\u0131 ile faturalar kabul ya da red edilebilmektedir.<\/p>\n\n\n\n<p><strong>\u00dcnvan De\u011fi\u015fikli\u011fi<\/strong><\/p>\n\n\n\n<p>e-Fatura uygulamas\u0131na kay\u0131tl\u0131 bir kullan\u0131c\u0131, \u00fcnvan\u0131n\u0131n de\u011fi\u015fmesi halinde 15 g\u00fcn i\u00e7inde unvan de\u011fi\u015fikli\u011fine ait Ticaret Sicil Gazetesinin fotokopisi ve durumu izah eden bir dilek\u00e7e ile Gelir \u0130daresi Ba\u015fkanl\u0131\u011f\u0131\u2019na posta yoluyla, yeni \u00fcnvana ait mali m\u00fch\u00fcr temini i\u00e7in Kamu Sertifikasyon Merkezine elektronik ortamda ba\u015fvurmas\u0131 gerekmektedir. \u00dcnvan de\u011fi\u015fikli\u011fine giden m\u00fckellefin eFatura sistemindeki \u00fcnvan\u0131, dilek\u00e7esine istinaden g\u00fcncellenecek olup, m\u00fckellefler yeni mali m\u00fch\u00fcrlerini temin edene kadar, eski \u00fcnvana ait mali m\u00fch\u00fcrleri ile i\u015flem yapmaya devam edebileceklerdir.<\/p>\n\n\n\n<p><strong>Nevi De\u011fi\u015fikli\u011fi<\/strong><\/p>\n\n\n\n<p>e-Fatura uygulamas\u0131na kay\u0131tl\u0131 bir kullan\u0131c\u0131, nevi de\u011fi\u015fikli\u011fine gitmesi halinde 15 g\u00fcn i\u00e7erisinde, nevi de\u011fi\u015fikli\u011fine ili\u015fkin ticaret sicil gazetesinin fotokopisi ve durumu izah eden bir dilek\u00e7e ile Gelir \u0130daresi Ba\u015fkanl\u0131\u011f\u0131\u2019na posta yoluyla, yeni unvana ait mali m\u00fch\u00fcr temini i\u00e7in Kamu Sertifikasyon Merkezine elektronik ortamda ba\u015fvurmas\u0131 gerekmektedir. Nevi de\u011fi\u015fikli\u011fine giden m\u00fckellefler yeni mali m\u00fch\u00fcrlerini temin edene kadar, e-Fatura Uygulamas\u0131ndan eski Vergi Kimlik Numaras\u0131na ait unvan ve mali m\u00fch\u00fcr ile yararlanmaya devam edeceklerdir.<br>Bu s\u00fcre zarf\u0131nda, eski unvanlar\u0131na d\u00fczenlenen faturalar\u0131 muhasebele\u015ftirebilecekler, d\u00fczenleyecekleri e-Faturalarda, yeni unvan ve Vergi Kimlik Numaras\u0131 bilgilerine faturan\u0131n a\u00e7\u0131klama alan\u0131nda yer vereceklerdir. Yeni unvanlar\u0131na ait mali m\u00fchr\u00fcn \u00fcretim\/teslim bilgisi Kamu Sertifikasyon Merkezi taraf\u0131ndan Ba\u015fkanl\u0131\u011fa iletildikten sonra, Ba\u015fkanl\u0131k taraf\u0131ndan eski hesaplar\u0131 kapat\u0131larak, yeni hesaplar\u0131 aktive edilecektir. Bu tarihten sonra yeni VKN, yeni unvan ve yeni mali m\u00fch\u00fcr kullan\u0131larak e-Fatura d\u00fczenlenecektir.<\/p>\n\n\n\n<h2 class=\"wp-block-heading\" id=\"otel-ve-restoran-yazilimlari-icin-e-fatura-surecleri\"><strong>Otel ve restoran yaz\u0131l\u0131mlar\u0131 i\u00e7in e-Fatura s\u00fcre\u00e7leri<\/strong><\/h2>\n\n\n\n<p>Otel ve restoran yaz\u0131l\u0131mlar\u0131, e-Fatura s\u00fcrecinde i\u015fletmelerin mali ve operasyonel s\u00fcre\u00e7lerini dijitalle\u015ftirerek b\u00fcy\u00fck kolayl\u0131k sa\u011flar. <a href=\"https:\/\/www.protel.com.tr\/otel-yonetim-cozumleri\/\" data-type=\"link\" data-id=\"https:\/\/www.protel.com.tr\/otel-yonetim-cozumleri\/\">Otel yaz\u0131l\u0131m\u0131<\/a> ve <a href=\"https:\/\/www.protel.com.tr\/restoran-yonetim-cozumleri\/\">restoran program\u0131<\/a> ara\u00e7lar\u0131 Gelir \u0130daresi Ba\u015fkanl\u0131\u011f\u0131 (G\u0130B) ile entegre \u00e7al\u0131\u015farak e-Fatura d\u00fczenleme, g\u00f6nderme ve alma i\u015flemlerini otomatik hale getirir. Otel yaz\u0131l\u0131mlar\u0131, konaklama hizmetleri i\u00e7in kesilen faturalar\u0131 rezervasyon ve \u00f6deme bilgileriyle e\u015fle\u015ftirirken, restoran yaz\u0131l\u0131mlar\u0131, masa sipari\u015flerinden paket servislere kadar t\u00fcm sat\u0131\u015flar\u0131n faturalar\u0131n\u0131 h\u0131zl\u0131 ve hatas\u0131z bir \u015fekilde olu\u015fturur. Bu sistemler, fatura veri b\u00fct\u00fcnl\u00fc\u011f\u00fcn\u00fc ve mali m\u00fch\u00fcr do\u011frulu\u011funu garanti ederken, i\u015fletmelerin yasal muhafaza ve ibraz y\u00fck\u00fcml\u00fcl\u00fcklerini yerine getirmesine de olanak tan\u0131r.\u00a0<\/p>\n\n\n\n<p><strong>E-Fatura Uygulamas\u0131n\u0131 Gelir \u0130daresi Ba\u015fkanl\u0131\u011f\u0131n\u0131n Portal Y\u00f6ntemi ile Kullanacak M\u00fckellefler<\/strong><\/p>\n\n\n\n<p>E-fatura uygulamas\u0131n\u0131 G\u0130B Portal y\u00f6ntemiyle kullanacak m\u00fckelleflerin e-Fatura g\u00f6nderip alabilmeleri i\u00e7in <a href=\"https:\/\/ebelge.gib.gov.tr\/anasayfa.html\" target=\"_blank\" rel=\"noopener\">www.efatura.gov.tr<\/a> internet adresinde yay\u0131mlanan e-Fatura Uygulamas\u0131 Portal k\u0131lavuzunda belirtilen \u015fekilde ilgili programlar\u0131 y\u00fcklemeleri k\u0131lavuzda g\u00f6sterilen y\u00f6nergelere uymalar\u0131 gerekmektedir.<br><strong>Kaynak: Gelir \u0130daresi Ba\u015fkanl\u0131\u011f\u0131 resm\u00ee internet sitesidir. <\/strong><a href=\"https:\/\/ebelge.gib.gov.tr\/anasayfa.html\" target=\"_blank\" rel=\"noopener\"><strong>E-fatura ve e-ar\u015fivle ilgili y\u00f6netmeliklere ve mevzuatlara buraya t\u0131klayarak ula\u015fabilirsiniz.<\/strong><\/a><\/p>\n","protected":false},"excerpt":{"rendered":"<p>Dijitalle\u015fmenin h\u0131z kazanmas\u0131yla birlikte, ka\u011f\u0131t faturalardan elektronik faturalara ge\u00e7i\u015f hem i\u015fletmeler hem de bireyler i\u00e7in b\u00fcy\u00fck \u00f6nem ta\u015f\u0131yor. Peki, e-Fatura nedir ve e-Faturaya nas\u0131l giri\u015f yap\u0131l\u0131r? Kimler e-Faturaya ge\u00e7mek zorunda? 2025 y\u0131l\u0131nda kapsama dahil edilecek yeni i\u015fletme gruplar\u0131 neler? E-Fatura uygulamas\u0131nda dikkat edilmesi gerekenler makalemizde, e-Fatura hakk\u0131nda merak edilen temel sorulara yan\u0131tlar\u0131 derledik. Bu rehber, [&hellip;]<\/p>\n","protected":false},"author":4,"featured_media":32628,"comment_status":"open","ping_status":"closed","sticky":false,"template":"","format":"standard","meta":{"footnotes":""},"categories":[47,1,16,297,298,306],"tags":[],"class_list":["post-29121","post","type-post","status-publish","format-standard","hentry","category-restoranyonetimi","category-genel","category-otel","category-yasal-sureclermevzuat","category-yasal-sureclermevzuat-otel","category-yasal-sureclermevzuat-genel"],"_links":{"self":[{"href":"https:\/\/www.protel.com.tr\/blog\/wp-json\/wp\/v2\/posts\/29121","targetHints":{"allow":["GET"]}}],"collection":[{"href":"https:\/\/www.protel.com.tr\/blog\/wp-json\/wp\/v2\/posts"}],"about":[{"href":"https:\/\/www.protel.com.tr\/blog\/wp-json\/wp\/v2\/types\/post"}],"author":[{"embeddable":true,"href":"https:\/\/www.protel.com.tr\/blog\/wp-json\/wp\/v2\/users\/4"}],"replies":[{"embeddable":true,"href":"https:\/\/www.protel.com.tr\/blog\/wp-json\/wp\/v2\/comments?post=29121"}],"version-history":[{"count":8,"href":"https:\/\/www.protel.com.tr\/blog\/wp-json\/wp\/v2\/posts\/29121\/revisions"}],"predecessor-version":[{"id":32767,"href":"https:\/\/www.protel.com.tr\/blog\/wp-json\/wp\/v2\/posts\/29121\/revisions\/32767"}],"wp:featuredmedia":[{"embeddable":true,"href":"https:\/\/www.protel.com.tr\/blog\/wp-json\/wp\/v2\/media\/32628"}],"wp:attachment":[{"href":"https:\/\/www.protel.com.tr\/blog\/wp-json\/wp\/v2\/media?parent=29121"}],"wp:term":[{"taxonomy":"category","embeddable":true,"href":"https:\/\/www.protel.com.tr\/blog\/wp-json\/wp\/v2\/categories?post=29121"},{"taxonomy":"post_tag","embeddable":true,"href":"https:\/\/www.protel.com.tr\/blog\/wp-json\/wp\/v2\/tags?post=29121"}],"curies":[{"name":"wp","href":"https:\/\/api.w.org\/{rel}","templated":true}]}}