{"id":25359,"date":"2017-01-18T16:00:15","date_gmt":"2017-01-18T16:00:15","guid":{"rendered":"http:\/\/www.protel.com.tr\/?p=25359\/"},"modified":"2025-05-21T16:36:15","modified_gmt":"2025-05-21T13:36:15","slug":"kanun-degisikligi","status":"publish","type":"post","link":"https:\/\/www.protel.com.tr\/blog\/kanun-degisikligi\/","title":{"rendered":"Otellerde Misafir Kimlik Bilgilerinin G\u00f6nderimiyle \u0130lgili Kanun De\u011fi\u015fikli\u011fi"},"content":{"rendered":"\n<p>Say\u0131n \u0130\u015f Orta\u011f\u0131m\u0131z,<br>A\u015fa\u011f\u0131da bahsi ge\u00e7en &#8220;KANUN DE\u011e\u0130\u015e\u0130KL\u0130\u011e\u0130&#8221; ile ilgili olarak uygulamalar\u0131m\u0131zdan g\u00f6nderilen &#8220;kimlik bilgilerinin&#8221; ANLIK g\u00f6nderimi i\u00e7in ihtiya\u00e7 olan altyap\u0131 &#8220;kolluk kuvvetlerinde&#8221; haz\u0131r olmad\u0131\u011f\u0131 gibi bu konuyla ilgili olarak herhangi bir bilgiye de ula\u015fam\u0131yoruz. Dolay\u0131s\u0131yla bizim bu noktada i\u015fletmelere \u00f6nerimiz ba\u011fl\u0131 olduklar\u0131 kolluk kuvvetlerine dan\u0131\u015farak, anl\u0131k bildirimi nas\u0131l yapacaklar\u0131na dair bilgi talep etmeleridir.<br>Buna ek olarak, \u0130\u00e7 \u0130\u015fleri Bakanl\u0131\u011f\u0131 duyurusu madde 9&#8217;dan bu altyap\u0131 ile ilgili bir haz\u0131rl\u0131\u011fa ba\u015flad\u0131klar\u0131 anla\u015f\u0131l\u0131yor ve bizim yaz\u0131l\u0131m g\u00fcncellememiz, ancak bakanl\u0131k bu i\u015fi tamamland\u0131\u011f\u0131nda g\u00fcndeme gelecektir.<br>9. Madde: Veri g\u00f6nderme i\u015flemlerinde mevcut uygulaman\u0131n devam edece\u011fi, anl\u0131k veri g\u00f6nderme i\u015fleminin yeni sistem faaliyete ge\u00e7ti\u011finde ba\u015flayaca\u011f\u0131 konusunda i\u015fletmelerin bilgilendirmesi.<\/p>\n\n\n\n<h2 class=\"wp-block-heading\" id=\"kanun-degisikligi\">KANUN DE\u011e\u0130\u015e\u0130KL\u0130\u011e\u0130 &#8211;<\/h2>\n\n\n\n<p>Ek Madde 1 &#8211; (Ek: 29\/8\/1996 &#8211; 4178\/10 md.) Bu Kanunun uygulanmas\u0131 s\u0131ras\u0131nda genel kolluk kuvvetlerine ait karakollara, il merkezlerinden de sorgulanabilen bilgisayar terminalleri konulur. Bunun i\u00e7in gerekli giderler \u0130\u00e7 \u0130\u015fleri Bakanl\u0131\u011f\u0131 b\u00fct\u00e7esine konulacak \u00f6denekten kar\u015f\u0131lan\u0131r.<br>(De\u011fi\u015fiklik ikinci f\u0131kra: 31\/10\/2016-KHK-678\/4 md.) Bu Kanunun 2&#8217;nci maddesinde say\u0131lan \u00f6zel veya resmi her t\u00fcrl\u00fc konaklama tesisleri t\u00fcm kay\u0131tlar\u0131n\u0131 bilgisayarda g\u00fcn\u00fc g\u00fcn\u00fcne tutmak, genel kolluk kuvvetlerinin bilgisayar terminallerine ba\u011flanarak mevcut bilgi, belge ve kay\u0131tlar\u0131 genel kolluk kuvvetlerine anl\u0131k olarak bildirmek zorundad\u0131rlar.<br>Sayg\u0131lar\u0131m\u0131zla,<br>PROTEL<\/p>\n","protected":false},"excerpt":{"rendered":"<p>Say\u0131n \u0130\u015f Orta\u011f\u0131m\u0131z,A\u015fa\u011f\u0131da bahsi ge\u00e7en &#8220;KANUN DE\u011e\u0130\u015e\u0130KL\u0130\u011e\u0130&#8221; ile ilgili olarak uygulamalar\u0131m\u0131zdan g\u00f6nderilen &#8220;kimlik bilgilerinin&#8221; ANLIK g\u00f6nderimi i\u00e7in ihtiya\u00e7 olan altyap\u0131 &#8220;kolluk kuvvetlerinde&#8221; haz\u0131r olmad\u0131\u011f\u0131 gibi bu konuyla ilgili olarak herhangi bir bilgiye de ula\u015fam\u0131yoruz. Dolay\u0131s\u0131yla bizim bu noktada i\u015fletmelere \u00f6nerimiz ba\u011fl\u0131 olduklar\u0131 kolluk kuvvetlerine dan\u0131\u015farak, anl\u0131k bildirimi nas\u0131l yapacaklar\u0131na dair bilgi talep etmeleridir.Buna ek olarak, [&hellip;]<\/p>\n","protected":false},"author":4,"featured_media":32585,"comment_status":"open","ping_status":"closed","sticky":false,"template":"","format":"standard","meta":{"footnotes":""},"categories":[16],"tags":[],"class_list":["post-25359","post","type-post","status-publish","format-standard","hentry","category-otel"],"_links":{"self":[{"href":"https:\/\/www.protel.com.tr\/blog\/wp-json\/wp\/v2\/posts\/25359","targetHints":{"allow":["GET"]}}],"collection":[{"href":"https:\/\/www.protel.com.tr\/blog\/wp-json\/wp\/v2\/posts"}],"about":[{"href":"https:\/\/www.protel.com.tr\/blog\/wp-json\/wp\/v2\/types\/post"}],"author":[{"embeddable":true,"href":"https:\/\/www.protel.com.tr\/blog\/wp-json\/wp\/v2\/users\/4"}],"replies":[{"embeddable":true,"href":"https:\/\/www.protel.com.tr\/blog\/wp-json\/wp\/v2\/comments?post=25359"}],"version-history":[{"count":5,"href":"https:\/\/www.protel.com.tr\/blog\/wp-json\/wp\/v2\/posts\/25359\/revisions"}],"predecessor-version":[{"id":32586,"href":"https:\/\/www.protel.com.tr\/blog\/wp-json\/wp\/v2\/posts\/25359\/revisions\/32586"}],"wp:featuredmedia":[{"embeddable":true,"href":"https:\/\/www.protel.com.tr\/blog\/wp-json\/wp\/v2\/media\/32585"}],"wp:attachment":[{"href":"https:\/\/www.protel.com.tr\/blog\/wp-json\/wp\/v2\/media?parent=25359"}],"wp:term":[{"taxonomy":"category","embeddable":true,"href":"https:\/\/www.protel.com.tr\/blog\/wp-json\/wp\/v2\/categories?post=25359"},{"taxonomy":"post_tag","embeddable":true,"href":"https:\/\/www.protel.com.tr\/blog\/wp-json\/wp\/v2\/tags?post=25359"}],"curies":[{"name":"wp","href":"https:\/\/api.w.org\/{rel}","templated":true}]}}